{"id":3721,"date":"2023-11-20T16:23:24","date_gmt":"2023-11-20T20:23:24","guid":{"rendered":"https:\/\/jornaloalvorada.com.br\/site\/?p=3721"},"modified":"2023-11-20T16:23:27","modified_gmt":"2023-11-20T20:23:27","slug":"entenda-como-milei-pode-interferir-nas-relacoes-brasil-argentina","status":"publish","type":"post","link":"https:\/\/jornaloalvorada.com.br\/site\/2023\/11\/20\/entenda-como-milei-pode-interferir-nas-relacoes-brasil-argentina\/","title":{"rendered":"Entenda como Milei pode interferir nas rela\u00e7\u00f5es Brasil-Argentina"},"content":{"rendered":"\n<p><div class=\"container\" dir=\"ltr\" lang=\"pt-br\"><div class=\"content\">         <div class=\"moz-reader-content reader-show-element\"><div id=\"readability-page-1\" class=\"page\"><div>                                                               <p>A  vit\u00f3ria do candidato ultradireitista Javier Milei para presid\u00eancia da  Argentina, no domingo (19), levantou d\u00favidas em rela\u00e7\u00e3o ao futuro das  rela\u00e7\u00f5es diplom\u00e1ticas e econ\u00f4micas entre\u00a0Brasil e Argentina devido a  posturas do candidato ao longo da campanha. Milei defendeu a sa\u00edda da  Argentina do Mercosul, mas depois recuou e passou a defender apenas  mudan\u00e7as no bloco econ\u00f4mico, que re\u00fane tamb\u00e9m Uruguai, Brasil e  Paraguai.\u00a0<img decoding=\"async\" src=\"https:\/\/agenciabrasil.ebc.com.br\/ebc.png?id=1567606&amp;o=node\"><img decoding=\"async\" src=\"https:\/\/agenciabrasil.ebc.com.br\/ebc.gif?id=1567606&amp;o=node\"><\/p> <p>Milei disse tamb\u00e9m que n\u00e3o faria neg\u00f3cios com o Brasil, nem com a  China, os dois principais parceiros comerciais da Argentina, e ainda fez  duras cr\u00edticas contra o presidente Luiz In\u00e1cio Lula da Silva, lan\u00e7ando  d\u00favidas sobre as rela\u00e7\u00f5es entre os dois pa\u00edses. A Argentina, afinal, \u00e9 o  terceiro principal destino das exporta\u00e7\u00f5es brasileiras, perdendo apenas  para China e Estados Unidos. \u00a0<\/p> <p>Para entender como a vit\u00f3ria do pol\u00edtico ultraliberal pode afetar as rela\u00e7\u00f5es com o Brasil, a <strong>Ag\u00eancia Brasil<\/strong> ouviu especialistas que estudam a Am\u00e9rica Latina. \u00a0<\/p> <div><div><p><img decoding=\"async\" title=\"Arquivo pessoal\" class=\"moz-reader-block-img\" src=\"https:\/\/imagens.ebc.com.br\/E3-G5LX5zJ5DqHxjYmxXfrloQWY=\/463x0\/smart\/https:\/\/agenciabrasil.ebc.com.br\/sites\/default\/files\/thumbnails\/image\/whatsapp_image_2023-11-20_at_14.00.26.jpeg?itok=geyscfQi\" alt=\"Nildo Ouriques  - Impactos da vit\u00f3ria de Milei nas elei\u00e7\u00f5es argentinas. - Foto: Arquivo Pessoal\">              <\/p> <\/div><p> <\/p><h6>Professor Nildo Ouriques acredita que a rela\u00e7\u00e3o entre Brasil e Argentina n\u00e3o ser\u00e1 alterada &#8211; <strong>Arquivo pessoal<\/strong><\/h6> <\/div> <p>Para o professor Nildo Ouriques, a rela\u00e7\u00e3o entre Brasil e Argentina,  dada a depend\u00eancia entre os dois pa\u00edses, n\u00e3o deve ser alterada. O  presidente do Instituto de Estudos Latino-americanos da Universidade  Federal de Santa Catarina (Iela-UFSC) defendeu que a pol\u00edtica \u00e9 feita de  atos, n\u00e3o de declara\u00e7\u00f5es. \u00a0<\/p> <p>\u201cUma campanha eleitoral na Am\u00e9rica Latina n\u00e3o tem a menor import\u00e2ncia  pr\u00e1tica se voc\u00ea n\u00e3o vincular as declara\u00e7\u00f5es com os atos. Vamos ver o  que o Milei vai fazer, mas ser\u00e1 muito pouco. O Mercosul \u00e9 o para\u00edso das  multinacionais. Por isso mesmo, o bloco n\u00e3o corre nenhum risco. Acha que  Lula ou Milei v\u00e3o se enfrentar com as multinacionais? De jeito nenhum.  Das 15 maiores empresas do com\u00e9rcio entre Brasil e Argentina, 13 s\u00e3o  multinacionais\u201d, explicou. \u00a0\u00a0<\/p> <p>Ouriques acrescentou que as rela\u00e7\u00f5es comerciais v\u00e3o depender das  condi\u00e7\u00f5es econ\u00f4micas dos dois pa\u00edses. \u201cPode aumentar o com\u00e9rcio do  Brasil com a Argentina de Milei se for de interesses das multinacionais e  dos comerciantes argentinos. O resto \u00e9 discurso, \u00e9 a arte de iludir  necess\u00e1ria para processos eleitorais\u201d, destacou. \u00a0<\/p> <h2>Rela\u00e7\u00e3o Institucional\u00a0<\/h2> <p>O cientista pol\u00edtico argentino Leandro Gabiati destacou que aliados e  assessores do futuro presidente da Argentina, apesar de afirmarem que  ele n\u00e3o ter\u00e1 rela\u00e7\u00e3o pessoal com o presidente Lula, afirmam que haver\u00e1  contatos institucionais via Itamaraty ou minist\u00e9rios. \u00a0<\/p> <p>\u201cAinda que os dois presidentes n\u00e3o conversem diretamente, h\u00e1  interesses em comum que far\u00e3o com que as rela\u00e7\u00f5es entre os dois pa\u00edses  continuem relativamente normais. Enxergo como algo parecido com o que  aconteceu entre o ex-presidente Bolsonaro e o presidente argentino  Alberto Fern\u00e1ndez. Os dois n\u00e3o dialogaram durante suas gest\u00f5es, mas  muita coisa continuou avan\u00e7ando\u201d, ponderou. \u00a0<\/p> <p>Gabiati acredita, por\u00e9m, que medidas de teor liberal, ainda que n\u00e3o  tire a Argentina do Mercosul, pode enfraquecer o bloco. \u201cN\u00e3o ser\u00e1 uma  rela\u00e7\u00e3o f\u00e1cil entre Argentina e Brasil, mas n\u00e3o se chegar\u00e1 ao  radicalismo de tirar a Argentina do Mercosul porque isso traria s\u00e9rios  impactos para economia e ind\u00fastria argentina\u201d, afirmou. \u00a0<\/p> <h2>Integra\u00e7\u00e3o Latino-americana<\/h2> <p>O professor de Rela\u00e7\u00f5es Internacionais e Economia da Universidade  Federal do ABC (UFABC)\u00a0Giorgio Romano Schutte\u00a0ressaltou que ainda \u00e9 cedo  para avaliar como ficar\u00e3o as rela\u00e7\u00f5es entre os dois pa\u00edses, mas  acredita que o com\u00e9rcio n\u00e3o deve ser alterado.\u00a0<\/p> <p>\u201cAs rela\u00e7\u00f5es comerciais s\u00e3o feitas por atores econ\u00f4micos. Isso n\u00e3o  deve sofrer tanto. O com\u00e9rcio vinha sofrendo por causa da situa\u00e7\u00e3o  econ\u00f4mica na Argentina. Agora, h\u00e1 um fato de incerteza, que \u00e9 de como os  investidores v\u00e3o avaliar a elei\u00e7\u00e3o. Mas a tend\u00eancia \u00e9 que as rela\u00e7\u00f5es  comerciais existentes n\u00e3o devem sofrer tanto assim\u201d, ponderou.\u00a0<\/p> <p>Sobre o Mercosul, Schutte avaliou que Milei pode tentar mudar as  regras, mas que caber\u00e1 ao Brasil resistir. Al\u00e9m disso, destacou que as  propostas do atual governo do Brasil de revitalizar a integra\u00e7\u00e3o  latino-americana devem ser prejudicadas, devido a postura do futuro  presidente argentino. \u201cEssa ideia de fortalecer a inser\u00e7\u00e3o brasileira no  mundo por meio de uma integra\u00e7\u00e3o latino-americana vai ficar muito  dif\u00edcil\u201d, acrescentou.<\/p> <h2>Brics\u00a0\u00a0<\/h2> <div><div><p><img decoding=\"async\" title=\"Arquivo pessoal\" class=\"moz-reader-block-img\" src=\"https:\/\/imagens.ebc.com.br\/7peckBoryCMnj8F4cGIkAyXxQlY=\/463x0\/smart\/https:\/\/agenciabrasil.ebc.com.br\/sites\/default\/files\/thumbnails\/image\/whatsapp_image_2023-11-20_at_12.44.14.jpeg?itok=NTE4VFQr\" alt=\"Audrey Andrade Gomes  - Impactos da vit\u00f3ria de Milei nas elei\u00e7\u00f5es argentinas. - Foto: Arquivo Pessoal\">              <\/p> <\/div><p> <\/p><h6>Pesquisadora Audrey Andrade Gomes avalia que vit\u00f3ria de Milei deve deve reduzir coes\u00e3o do Mercosul &#8211; <strong>Arquivo pessoal<\/strong><\/h6> <\/div> <p>A pesquisadora do Observat\u00f3rio de Pol\u00edtica Externa e da Isen\u00e7\u00e3o  Internacional do Brasil (Opeb)\u00a0Audrey Andrade Gomes\u00a0destacou que a  vit\u00f3ria de Milei deve reduzir a coes\u00e3o do Mercosul e interferir  no\u00a0Brics, bloco econ\u00f4mico que o Brasil participa e re\u00fane pot\u00eancias  emergentes, como China, R\u00fassia, \u00c1frica do Sul e \u00cdndia e que,  recentemente, <a href=\"https:\/\/agenciabrasil.ebc.com.br\/internacional\/noticia\/2023-08\/seis-novos-paises-integrarao-o-brics-partir-de-janeiro-de-2024\" target=\"_blank\" rel=\"noopener\">incluiu a Argentina no bloco<\/a>.<\/p> <p>\u201cTalvez ele n\u00e3o consiga cumprir suas promessas de campanha, como a  dist\u00e2ncia que ele quer manter com a China e o Brasil. Ele n\u00e3o tem como  se desvencilhar dos principais parceiros da Argentina. Mas, ainda assim,  ele pode criar problemas de integra\u00e7\u00e3o que dificultem a coes\u00e3o e  solidez do Mercosul. Mas o problema maior \u00e9 o\u00a0Brics,\u00a0porque esse bloco  tem proposta de usar outra moeda para transa\u00e7\u00f5es comerciais que fujam ao  d\u00f3lar e essa n\u00e3o \u00e9 a proposta do Milei\u201d, afirmou. Milei defende que a  Argentina adote o d\u00f3lar estadunidense como moeda nacional do pa\u00eds. \u00a0<\/p> <h2>Javier Milei\u00a0 \u00a0<\/h2> <p>Al\u00e7ado \u00e0 fama como comentarista econ\u00f4mico em programas de televis\u00e3o,  Javier Milei ganhou apoio de pol\u00edticos da direita tradicional no segundo  turno, como o ex-presidente Mauricio Macri e a candidata derrotada  Patricia Bullrich. \u00a0<\/p> <p>O futuro presidente argentino define-se como libert\u00e1rio e  anarcocapitalista e declarou-se defensor de ideias como a  comercializa\u00e7\u00e3o de \u00f3rg\u00e3os e a livre venda de armas. Ele promete  dolarizar a economia e extinguir o Banco Central argentino para acabar  com a infla\u00e7\u00e3o. Por\u00e9m, no segundo turno, ele amenizou promessas  anteriores, prometendo n\u00e3o mais privatizar a sa\u00fade e as escolas  p\u00fablicas.<\/p>         <\/div><\/div><\/div>       <\/div><\/div><\/p>\n","protected":false},"excerpt":{"rendered":"<p>A vit\u00f3ria do candidato ultradireitista Javier Milei para presid\u00eancia da Argentina, no domingo (19), levantou d\u00favidas em rela\u00e7\u00e3o ao futuro<\/p>\n","protected":false},"author":1,"featured_media":3722,"comment_status":"open","ping_status":"open","sticky":false,"template":"","format":"standard","meta":{"footnotes":""},"categories":[2],"tags":[],"class_list":["post-3721","post","type-post","status-publish","format-standard","has-post-thumbnail","hentry","category-noticias"],"_links":{"self":[{"href":"https:\/\/jornaloalvorada.com.br\/site\/wp-json\/wp\/v2\/posts\/3721","targetHints":{"allow":["GET"]}}],"collection":[{"href":"https:\/\/jornaloalvorada.com.br\/site\/wp-json\/wp\/v2\/posts"}],"about":[{"href":"https:\/\/jornaloalvorada.com.br\/site\/wp-json\/wp\/v2\/types\/post"}],"author":[{"embeddable":true,"href":"https:\/\/jornaloalvorada.com.br\/site\/wp-json\/wp\/v2\/users\/1"}],"replies":[{"embeddable":true,"href":"https:\/\/jornaloalvorada.com.br\/site\/wp-json\/wp\/v2\/comments?post=3721"}],"version-history":[{"count":1,"href":"https:\/\/jornaloalvorada.com.br\/site\/wp-json\/wp\/v2\/posts\/3721\/revisions"}],"predecessor-version":[{"id":3723,"href":"https:\/\/jornaloalvorada.com.br\/site\/wp-json\/wp\/v2\/posts\/3721\/revisions\/3723"}],"wp:featuredmedia":[{"embeddable":true,"href":"https:\/\/jornaloalvorada.com.br\/site\/wp-json\/wp\/v2\/media\/3722"}],"wp:attachment":[{"href":"https:\/\/jornaloalvorada.com.br\/site\/wp-json\/wp\/v2\/media?parent=3721"}],"wp:term":[{"taxonomy":"category","embeddable":true,"href":"https:\/\/jornaloalvorada.com.br\/site\/wp-json\/wp\/v2\/categories?post=3721"},{"taxonomy":"post_tag","embeddable":true,"href":"https:\/\/jornaloalvorada.com.br\/site\/wp-json\/wp\/v2\/tags?post=3721"}],"curies":[{"name":"wp","href":"https:\/\/api.w.org\/{rel}","templated":true}]}}