{"id":3718,"date":"2023-11-20T14:24:09","date_gmt":"2023-11-20T18:24:09","guid":{"rendered":"https:\/\/jornaloalvorada.com.br\/site\/?p=3718"},"modified":"2023-11-20T14:24:10","modified_gmt":"2023-11-20T18:24:10","slug":"nota-de-pesar-heitor-munhoes","status":"publish","type":"post","link":"https:\/\/jornaloalvorada.com.br\/site\/2023\/11\/20\/nota-de-pesar-heitor-munhoes\/","title":{"rendered":"Nota de Pesar: Heitor Munh\u00f5es"},"content":{"rendered":"\n<p>\u00c9 com grande pesar que recebo o comunicado do falecimento do meu amigo Sr. Heitor Munh\u00f5es, pai do meu secret\u00e1rio de governo Renato Munh\u00f5es.<\/p>\n\n\n\n<p>Sr. Heitor Munh\u00f5es foi um grande amigo e parceiro dos nossos projetos em Nova Alvorada do Sul e contribuiu muito para o desenvolvimento do nosso munic\u00edpio, prestando seus servi\u00e7os a nossa popula\u00e7\u00e3o, sendo vereador em Rio Brilhante representando o distrito de Nova Alvorada do Sul de 1982 a 1992, presidente da C\u00e2mara Municipal e diversas a\u00e7\u00f5es que contribu\u00edram para a emancipa\u00e7\u00e3o do nosso munic\u00edpio.<\/p>\n\n\n\n<p>Prestamos solidariedade aos familiares e amigos por esta irrepar\u00e1vel perda e rogamos para que Deus possa confort\u00e1-los nesse momento de grande dor, em que as palavras se apequenam e o esp\u00edrito busca amparo na F\u00e9.<\/p>\n\n\n\n<p>Nossos sinceros sentimentos.<\/p>\n","protected":false},"excerpt":{"rendered":"<p>\u00c9 com grande pesar que recebo o comunicado do falecimento do meu amigo Sr. Heitor Munh\u00f5es, pai do meu secret\u00e1rio<\/p>\n","protected":false},"author":1,"featured_media":3719,"comment_status":"open","ping_status":"open","sticky":false,"template":"","format":"standard","meta":{"footnotes":""},"categories":[11,2],"tags":[],"class_list":["post-3718","post","type-post","status-publish","format-standard","has-post-thumbnail","hentry","category-nota-pesar","category-noticias"],"_links":{"self":[{"href":"https:\/\/jornaloalvorada.com.br\/site\/wp-json\/wp\/v2\/posts\/3718","targetHints":{"allow":["GET"]}}],"collection":[{"href":"https:\/\/jornaloalvorada.com.br\/site\/wp-json\/wp\/v2\/posts"}],"about":[{"href":"https:\/\/jornaloalvorada.com.br\/site\/wp-json\/wp\/v2\/types\/post"}],"author":[{"embeddable":true,"href":"https:\/\/jornaloalvorada.com.br\/site\/wp-json\/wp\/v2\/users\/1"}],"replies":[{"embeddable":true,"href":"https:\/\/jornaloalvorada.com.br\/site\/wp-json\/wp\/v2\/comments?post=3718"}],"version-history":[{"count":1,"href":"https:\/\/jornaloalvorada.com.br\/site\/wp-json\/wp\/v2\/posts\/3718\/revisions"}],"predecessor-version":[{"id":3720,"href":"https:\/\/jornaloalvorada.com.br\/site\/wp-json\/wp\/v2\/posts\/3718\/revisions\/3720"}],"wp:featuredmedia":[{"embeddable":true,"href":"https:\/\/jornaloalvorada.com.br\/site\/wp-json\/wp\/v2\/media\/3719"}],"wp:attachment":[{"href":"https:\/\/jornaloalvorada.com.br\/site\/wp-json\/wp\/v2\/media?parent=3718"}],"wp:term":[{"taxonomy":"category","embeddable":true,"href":"https:\/\/jornaloalvorada.com.br\/site\/wp-json\/wp\/v2\/categories?post=3718"},{"taxonomy":"post_tag","embeddable":true,"href":"https:\/\/jornaloalvorada.com.br\/site\/wp-json\/wp\/v2\/tags?post=3718"}],"curies":[{"name":"wp","href":"https:\/\/api.w.org\/{rel}","templated":true}]}}