{"id":3707,"date":"2023-11-20T11:02:05","date_gmt":"2023-11-20T15:02:05","guid":{"rendered":"https:\/\/jornaloalvorada.com.br\/site\/?p=3707"},"modified":"2023-11-20T11:02:08","modified_gmt":"2023-11-20T15:02:08","slug":"prefeito-jose-paleari-6","status":"publish","type":"post","link":"https:\/\/jornaloalvorada.com.br\/site\/2023\/11\/20\/prefeito-jose-paleari-6\/","title":{"rendered":"Prefeito Jos\u00e9 Paleari"},"content":{"rendered":"\n<p>Hoje, dia 20 de novembro, celebramos o Dia da Consci\u00eancia Negra. Esta data \u00e9 uma oportunidade para refletirmos sobre a hist\u00f3ria e a cultura da popula\u00e7\u00e3o negra no Brasil, e para reafirmarmos o nosso compromisso com a igualdade e a justi\u00e7a racial.<\/p>\n\n\n\n<p>A popula\u00e7\u00e3o negra brasileira tem uma hist\u00f3ria de luta e resist\u00eancia. Foram eles que constru\u00edram o nosso pa\u00eds, e ainda hoje enfrentam muitos desafios, como o racismo, a desigualdade social e a viol\u00eancia.<\/p>\n\n\n\n<p>\u00c9 importante que n\u00f3s, como cidad\u00e3os de Nova Alvorada do Sul, estejamos comprometidos com a promo\u00e7\u00e3o da igualdade racial. Podemos fazer isso atrav\u00e9s de nossas a\u00e7\u00f5es cotidianas, como:<\/p>\n\n\n\n<p>Sermos respeitosos e inclusivos com todos, independentemente da sua ra\u00e7a ou etnia;<\/p>\n\n\n\n<p>Combatermos o racismo e a discrimina\u00e7\u00e3o em todas as suas formas;<\/p>\n\n\n\n<p>Promovermos a cultura negra, valorizando a sua hist\u00f3ria e sua contribui\u00e7\u00e3o para a nossa sociedade.<\/p>\n\n\n\n<p>Juntos, podemos construir uma Nova Alvorada do Sul mais justa e igualit\u00e1ria para todos.<\/p>\n\n\n\n<p>Como prefeito de Nova Alvorada do Sul, estou comprometido com a promo\u00e7\u00e3o da igualdade racial. Por isso, estamos trabalhando para implementar pol\u00edticas p\u00fablicas que promovam a inclus\u00e3o e a equidade para toda a popula\u00e7\u00e3o Sulnovaalvoradense.<\/p>\n","protected":false},"excerpt":{"rendered":"<p>Hoje, dia 20 de novembro, celebramos o Dia da Consci\u00eancia Negra. Esta data \u00e9 uma oportunidade para refletirmos sobre a<\/p>\n","protected":false},"author":1,"featured_media":3708,"comment_status":"open","ping_status":"open","sticky":false,"template":"","format":"standard","meta":{"footnotes":""},"categories":[3],"tags":[],"class_list":["post-3707","post","type-post","status-publish","format-standard","has-post-thumbnail","hentry","category-social"],"_links":{"self":[{"href":"https:\/\/jornaloalvorada.com.br\/site\/wp-json\/wp\/v2\/posts\/3707","targetHints":{"allow":["GET"]}}],"collection":[{"href":"https:\/\/jornaloalvorada.com.br\/site\/wp-json\/wp\/v2\/posts"}],"about":[{"href":"https:\/\/jornaloalvorada.com.br\/site\/wp-json\/wp\/v2\/types\/post"}],"author":[{"embeddable":true,"href":"https:\/\/jornaloalvorada.com.br\/site\/wp-json\/wp\/v2\/users\/1"}],"replies":[{"embeddable":true,"href":"https:\/\/jornaloalvorada.com.br\/site\/wp-json\/wp\/v2\/comments?post=3707"}],"version-history":[{"count":1,"href":"https:\/\/jornaloalvorada.com.br\/site\/wp-json\/wp\/v2\/posts\/3707\/revisions"}],"predecessor-version":[{"id":3709,"href":"https:\/\/jornaloalvorada.com.br\/site\/wp-json\/wp\/v2\/posts\/3707\/revisions\/3709"}],"wp:featuredmedia":[{"embeddable":true,"href":"https:\/\/jornaloalvorada.com.br\/site\/wp-json\/wp\/v2\/media\/3708"}],"wp:attachment":[{"href":"https:\/\/jornaloalvorada.com.br\/site\/wp-json\/wp\/v2\/media?parent=3707"}],"wp:term":[{"taxonomy":"category","embeddable":true,"href":"https:\/\/jornaloalvorada.com.br\/site\/wp-json\/wp\/v2\/categories?post=3707"},{"taxonomy":"post_tag","embeddable":true,"href":"https:\/\/jornaloalvorada.com.br\/site\/wp-json\/wp\/v2\/tags?post=3707"}],"curies":[{"name":"wp","href":"https:\/\/api.w.org\/{rel}","templated":true}]}}