{"id":3704,"date":"2023-11-20T10:58:31","date_gmt":"2023-11-20T14:58:31","guid":{"rendered":"https:\/\/jornaloalvorada.com.br\/site\/?p=3704"},"modified":"2023-11-20T10:58:34","modified_gmt":"2023-11-20T14:58:34","slug":"primeira-dama-maite-paleari","status":"publish","type":"post","link":"https:\/\/jornaloalvorada.com.br\/site\/2023\/11\/20\/primeira-dama-maite-paleari\/","title":{"rendered":"Primeira Dama Mait\u00ea Paleari"},"content":{"rendered":"\n<p>O dia da Consci\u00eancia Negra, \u00e9 um momento para reflex\u00e3o contra a discrimina\u00e7\u00e3o e o racismo. Um Brasil com mais igualdade passa por a\u00e7\u00f5es cotidianas de todos n\u00f3s, e todas iniciativas de combate \u00e0 discrimina\u00e7\u00e3o, ao preconceito e ao racismo ter\u00e3o sempre o meu apoio.<\/p>\n","protected":false},"excerpt":{"rendered":"<p>O dia da Consci\u00eancia Negra, \u00e9 um momento para reflex\u00e3o contra a discrimina\u00e7\u00e3o e o racismo. Um Brasil com mais<\/p>\n","protected":false},"author":1,"featured_media":3705,"comment_status":"open","ping_status":"open","sticky":false,"template":"","format":"standard","meta":{"footnotes":""},"categories":[3],"tags":[],"class_list":["post-3704","post","type-post","status-publish","format-standard","has-post-thumbnail","hentry","category-social"],"_links":{"self":[{"href":"https:\/\/jornaloalvorada.com.br\/site\/wp-json\/wp\/v2\/posts\/3704","targetHints":{"allow":["GET"]}}],"collection":[{"href":"https:\/\/jornaloalvorada.com.br\/site\/wp-json\/wp\/v2\/posts"}],"about":[{"href":"https:\/\/jornaloalvorada.com.br\/site\/wp-json\/wp\/v2\/types\/post"}],"author":[{"embeddable":true,"href":"https:\/\/jornaloalvorada.com.br\/site\/wp-json\/wp\/v2\/users\/1"}],"replies":[{"embeddable":true,"href":"https:\/\/jornaloalvorada.com.br\/site\/wp-json\/wp\/v2\/comments?post=3704"}],"version-history":[{"count":1,"href":"https:\/\/jornaloalvorada.com.br\/site\/wp-json\/wp\/v2\/posts\/3704\/revisions"}],"predecessor-version":[{"id":3706,"href":"https:\/\/jornaloalvorada.com.br\/site\/wp-json\/wp\/v2\/posts\/3704\/revisions\/3706"}],"wp:featuredmedia":[{"embeddable":true,"href":"https:\/\/jornaloalvorada.com.br\/site\/wp-json\/wp\/v2\/media\/3705"}],"wp:attachment":[{"href":"https:\/\/jornaloalvorada.com.br\/site\/wp-json\/wp\/v2\/media?parent=3704"}],"wp:term":[{"taxonomy":"category","embeddable":true,"href":"https:\/\/jornaloalvorada.com.br\/site\/wp-json\/wp\/v2\/categories?post=3704"},{"taxonomy":"post_tag","embeddable":true,"href":"https:\/\/jornaloalvorada.com.br\/site\/wp-json\/wp\/v2\/tags?post=3704"}],"curies":[{"name":"wp","href":"https:\/\/api.w.org\/{rel}","templated":true}]}}