{"id":3698,"date":"2023-11-20T10:49:57","date_gmt":"2023-11-20T14:49:57","guid":{"rendered":"https:\/\/jornaloalvorada.com.br\/site\/?p=3698"},"modified":"2023-11-20T10:50:00","modified_gmt":"2023-11-20T14:50:00","slug":"milei-faz-chamada-com-ex-presidente-bolsonaro-e-eduardo-bolsonaro-e-os-convida-para-posse","status":"publish","type":"post","link":"https:\/\/jornaloalvorada.com.br\/site\/2023\/11\/20\/milei-faz-chamada-com-ex-presidente-bolsonaro-e-eduardo-bolsonaro-e-os-convida-para-posse\/","title":{"rendered":"Milei faz chamada com ex-presidente Bolsonaro e Eduardo Bolsonaro e os convida para posse"},"content":{"rendered":"\n<p>O ex-presidente Jair Bolsonaro (PL) e o filho dele Eduardo Bolsonaro (PL), deputado federal por S\u00e3o Paulo, decidiram participar da posse do presidente eleito da Argentina, Javier Milei, no pr\u00f3ximo dia 10 de dezembro em Buenos Aires. Na manh\u00e3 desta segunda-feira (20), Bolsonaro participou de uma chamada de v\u00eddeo com Milei, confirmando sua ida \u00e0 posse do argentino.<\/p>\n\n\n\n<p>A informa\u00e7\u00e3o tamb\u00e9m foi confirmada por F\u00e1bio Wajngarten, advogado e assessor do ex-presidente.<\/p>\n\n\n\n<p>Ainda durante a chamada, Milei convida Bolsonaro e Eduardo para almo\u00e7arem. Em clima descontra\u00eddo, eles combinam de comer &#8216;comida de rua&#8217; e baterem um bom papo.<\/p>\n\n\n\n<p>J\u00e1 o presidente Luiz In\u00e1cio Lula da Silva (PT) n\u00e3o deve comparecer ao evento e deve enviar um representante do Itamaraty, que ainda n\u00e3o foi definido.<\/p>\n\n\n\n<p>No primeiro turno da disputa argentina, Eduardo Bolsonaro liderou uma comitiva de parlamentares brasileiros ao pa\u00eds vizinho.<\/p>\n\n\n\n<p>Logo ap\u00f3s o an\u00fancio da vit\u00f3ria de Milei no pleito de ontem, Bolsonaro divulgou uma mensagem nas redes sociais saudando a vit\u00f3ria de Milei e disse que \u201ca esperan\u00e7a voltou a brilhar\u201d.<\/p>\n\n\n\n<p>O ex-presidente vai ficar dois dias na Argentina e est\u00e1 avaliando se a ex-primeira-dama Michele Bolsonaro tamb\u00e9m estar\u00e1 na comitiva.<\/p>\n\n\n\n<p>Com informa\u00e7\u00f5es de CNN Brasil<\/p>\n\n\n\n<p><strong><em>FONTE: terrabrasilnoticias.com<\/em><\/strong><\/p>\n","protected":false},"excerpt":{"rendered":"<p>O ex-presidente Jair Bolsonaro (PL) e o filho dele Eduardo Bolsonaro (PL), deputado federal por S\u00e3o Paulo, decidiram participar da<\/p>\n","protected":false},"author":1,"featured_media":3699,"comment_status":"open","ping_status":"open","sticky":false,"template":"","format":"standard","meta":{"footnotes":""},"categories":[2],"tags":[],"class_list":["post-3698","post","type-post","status-publish","format-standard","has-post-thumbnail","hentry","category-noticias"],"_links":{"self":[{"href":"https:\/\/jornaloalvorada.com.br\/site\/wp-json\/wp\/v2\/posts\/3698","targetHints":{"allow":["GET"]}}],"collection":[{"href":"https:\/\/jornaloalvorada.com.br\/site\/wp-json\/wp\/v2\/posts"}],"about":[{"href":"https:\/\/jornaloalvorada.com.br\/site\/wp-json\/wp\/v2\/types\/post"}],"author":[{"embeddable":true,"href":"https:\/\/jornaloalvorada.com.br\/site\/wp-json\/wp\/v2\/users\/1"}],"replies":[{"embeddable":true,"href":"https:\/\/jornaloalvorada.com.br\/site\/wp-json\/wp\/v2\/comments?post=3698"}],"version-history":[{"count":1,"href":"https:\/\/jornaloalvorada.com.br\/site\/wp-json\/wp\/v2\/posts\/3698\/revisions"}],"predecessor-version":[{"id":3700,"href":"https:\/\/jornaloalvorada.com.br\/site\/wp-json\/wp\/v2\/posts\/3698\/revisions\/3700"}],"wp:featuredmedia":[{"embeddable":true,"href":"https:\/\/jornaloalvorada.com.br\/site\/wp-json\/wp\/v2\/media\/3699"}],"wp:attachment":[{"href":"https:\/\/jornaloalvorada.com.br\/site\/wp-json\/wp\/v2\/media?parent=3698"}],"wp:term":[{"taxonomy":"category","embeddable":true,"href":"https:\/\/jornaloalvorada.com.br\/site\/wp-json\/wp\/v2\/categories?post=3698"},{"taxonomy":"post_tag","embeddable":true,"href":"https:\/\/jornaloalvorada.com.br\/site\/wp-json\/wp\/v2\/tags?post=3698"}],"curies":[{"name":"wp","href":"https:\/\/api.w.org\/{rel}","templated":true}]}}