{"id":3687,"date":"2023-11-20T08:39:12","date_gmt":"2023-11-20T12:39:12","guid":{"rendered":"https:\/\/jornaloalvorada.com.br\/site\/?p=3687"},"modified":"2023-11-20T08:39:14","modified_gmt":"2023-11-20T12:39:14","slug":"a-preocupacao-de-lula-com-a-promocao-de-militares","status":"publish","type":"post","link":"https:\/\/jornaloalvorada.com.br\/site\/2023\/11\/20\/a-preocupacao-de-lula-com-a-promocao-de-militares\/","title":{"rendered":"A preocupa\u00e7\u00e3o de Lula com a promo\u00e7\u00e3o de militares"},"content":{"rendered":"\n<p>O presidente Lula demonstrou, nos \u00faltimos dias, preocupa\u00e7\u00e3o com a promo\u00e7\u00e3o dos membros das For\u00e7as Armadas. A lista dos promovidos deve ser divulgada nesta semana e passar\u00e1 a valer j\u00e1 a partir do dia 25 de novembro.<\/p>\n\n\n\n<p>At\u00e9 a v\u00e9spera da formaliza\u00e7\u00e3o dos nomes, o presidente mostrou-se reticente e cobrou uma an\u00e1lise detalhada sobre o perfil dos oficiais que ascender\u00e3o na carreira. O cuidado maior \u00e9 em rela\u00e7\u00e3o a um eventual posicionamento pol\u00edtico ou demonstra\u00e7\u00e3o de qualquer tipo de prefer\u00eancia partid\u00e1ria.<\/p>\n\n\n\n<p>O presidente e seu entorno t\u00eam certeza de que foram alvos de uma tentativa de golpe militar no dia 8 de janeiro. Dessa maneira, a recomenda\u00e7\u00e3o \u00e9 que haja um cuidado redobrado para n\u00e3o fortalecer fardados que tenham resist\u00eancia \u00e0 gest\u00e3o petista.<\/p>\n\n\n\n<p>Desde antes do epis\u00f3dio, e j\u00e1 sob um forte clima de desconfian\u00e7a, o presidente imp\u00f4s uma dist\u00e2ncia regulamentar dos militares e optou por manter na sua seguran\u00e7a apenas membros da Pol\u00edcia Federal.<\/p>\n\n\n\n<p>O formato tinha previs\u00e3o de durar pelo menos at\u00e9 junho deste ano. Ao fim do prazo, e em um aceno \u00e0s for\u00e7as, a medida n\u00e3o foi prorrogada. Adotou-se, ent\u00e3o, um modelo de seguran\u00e7a h\u00edbrida, com a participa\u00e7\u00e3o dos policiais e de militares do Gabinete de Seguran\u00e7a Institucional (GSI).<\/p>\n\n\n\n<p>Em meio \u00e0 preocupa\u00e7\u00e3o de Lula, membros da alta c\u00fapula das tr\u00eas for\u00e7as se reuniram para analisar os nomes antes de entreg\u00e1-los ao presidente. A ideia \u00e9 levar em considera\u00e7\u00e3o a ressalva do petista, mas sem que haja qualquer tipo de patrulhamento, conforme um dos envolvidos na escolha relatou a VEJA.<\/p>\n\n\n\n<p>Por lei, as promo\u00e7\u00f5es s\u00e3o embasadas conforme crit\u00e9rios como antiguidade, merecimento, escolha e bravura. No caso da escolha, essa \u00e9 uma defini\u00e7\u00e3o direta da Presid\u00eancia da Rep\u00fablica.<\/p>\n\n\n\n<p><strong>VEJA<\/strong><\/p>\n\n\n\n<p><em><strong>FONTE: terrabrasilnoticias.com<\/strong><\/em><\/p>\n","protected":false},"excerpt":{"rendered":"<p>O presidente Lula demonstrou, nos \u00faltimos dias, preocupa\u00e7\u00e3o com a promo\u00e7\u00e3o dos membros das For\u00e7as Armadas. A lista dos promovidos<\/p>\n","protected":false},"author":1,"featured_media":3688,"comment_status":"open","ping_status":"open","sticky":false,"template":"","format":"standard","meta":{"footnotes":""},"categories":[2],"tags":[],"class_list":["post-3687","post","type-post","status-publish","format-standard","has-post-thumbnail","hentry","category-noticias"],"_links":{"self":[{"href":"https:\/\/jornaloalvorada.com.br\/site\/wp-json\/wp\/v2\/posts\/3687","targetHints":{"allow":["GET"]}}],"collection":[{"href":"https:\/\/jornaloalvorada.com.br\/site\/wp-json\/wp\/v2\/posts"}],"about":[{"href":"https:\/\/jornaloalvorada.com.br\/site\/wp-json\/wp\/v2\/types\/post"}],"author":[{"embeddable":true,"href":"https:\/\/jornaloalvorada.com.br\/site\/wp-json\/wp\/v2\/users\/1"}],"replies":[{"embeddable":true,"href":"https:\/\/jornaloalvorada.com.br\/site\/wp-json\/wp\/v2\/comments?post=3687"}],"version-history":[{"count":1,"href":"https:\/\/jornaloalvorada.com.br\/site\/wp-json\/wp\/v2\/posts\/3687\/revisions"}],"predecessor-version":[{"id":3689,"href":"https:\/\/jornaloalvorada.com.br\/site\/wp-json\/wp\/v2\/posts\/3687\/revisions\/3689"}],"wp:featuredmedia":[{"embeddable":true,"href":"https:\/\/jornaloalvorada.com.br\/site\/wp-json\/wp\/v2\/media\/3688"}],"wp:attachment":[{"href":"https:\/\/jornaloalvorada.com.br\/site\/wp-json\/wp\/v2\/media?parent=3687"}],"wp:term":[{"taxonomy":"category","embeddable":true,"href":"https:\/\/jornaloalvorada.com.br\/site\/wp-json\/wp\/v2\/categories?post=3687"},{"taxonomy":"post_tag","embeddable":true,"href":"https:\/\/jornaloalvorada.com.br\/site\/wp-json\/wp\/v2\/tags?post=3687"}],"curies":[{"name":"wp","href":"https:\/\/api.w.org\/{rel}","templated":true}]}}