{"id":3684,"date":"2023-11-20T08:36:18","date_gmt":"2023-11-20T12:36:18","guid":{"rendered":"https:\/\/jornaloalvorada.com.br\/site\/?p=3684"},"modified":"2023-11-20T08:36:29","modified_gmt":"2023-11-20T12:36:29","slug":"milei-agradece-a-bolsonaro-e-um-de-seus-filhos-pelo-apoio","status":"publish","type":"post","link":"https:\/\/jornaloalvorada.com.br\/site\/2023\/11\/20\/milei-agradece-a-bolsonaro-e-um-de-seus-filhos-pelo-apoio\/","title":{"rendered":"Milei agradece a Bolsonaro e um de seus filhos pelo apoio"},"content":{"rendered":"\n<p>O presidente eleito da Argentina, Javier Milei (La Libertad Avanza), afirmou que, ap\u00f3s sua vit\u00f3ria nas urnas, na noite deste domingo (19), uma nova forma de fazer pol\u00edtica \u00e9 iniciada no pa\u00eds, colocando fim \u00e0 antiga maneira. Milei aproveitou e tamb\u00e9m agradeceu o apoio de Jair Bolsonaro e de seu filho, Eduardo Bolsonaro, antes e durante as elei\u00e7\u00f5es.<\/p>\n\n\n\n<p>Milei disse que trabalhar\u00e1 com tr\u00eas princ\u00edpios: democracia, com\u00e9rcio livre e paz. \u201cVamos trabalhar com todas as na\u00e7\u00f5es do mundo livre para ajudar todos a construir um mundo melhor\u201d.<\/p>\n\n\n\n<p>\u201cA Argentina vai ocupar um lugar que nunca devia ter perdido no mundo. Isso \u00e9 um compromisso\u201d, declarou. \u201cQuero dizer-lhes que a Argentina tem futuro, mas esse futuro s\u00f3 existe se esse futuro for liberal\u201d.<\/p>\n\n\n\n<p><em><strong>FONTE: terrabrasilnoticias.com<\/strong><\/em><\/p>\n","protected":false},"excerpt":{"rendered":"<p>O presidente eleito da Argentina, Javier Milei (La Libertad Avanza), afirmou que, ap\u00f3s sua vit\u00f3ria nas urnas, na noite deste<\/p>\n","protected":false},"author":1,"featured_media":3685,"comment_status":"open","ping_status":"open","sticky":false,"template":"","format":"standard","meta":{"footnotes":""},"categories":[2],"tags":[],"class_list":["post-3684","post","type-post","status-publish","format-standard","has-post-thumbnail","hentry","category-noticias"],"_links":{"self":[{"href":"https:\/\/jornaloalvorada.com.br\/site\/wp-json\/wp\/v2\/posts\/3684","targetHints":{"allow":["GET"]}}],"collection":[{"href":"https:\/\/jornaloalvorada.com.br\/site\/wp-json\/wp\/v2\/posts"}],"about":[{"href":"https:\/\/jornaloalvorada.com.br\/site\/wp-json\/wp\/v2\/types\/post"}],"author":[{"embeddable":true,"href":"https:\/\/jornaloalvorada.com.br\/site\/wp-json\/wp\/v2\/users\/1"}],"replies":[{"embeddable":true,"href":"https:\/\/jornaloalvorada.com.br\/site\/wp-json\/wp\/v2\/comments?post=3684"}],"version-history":[{"count":1,"href":"https:\/\/jornaloalvorada.com.br\/site\/wp-json\/wp\/v2\/posts\/3684\/revisions"}],"predecessor-version":[{"id":3686,"href":"https:\/\/jornaloalvorada.com.br\/site\/wp-json\/wp\/v2\/posts\/3684\/revisions\/3686"}],"wp:featuredmedia":[{"embeddable":true,"href":"https:\/\/jornaloalvorada.com.br\/site\/wp-json\/wp\/v2\/media\/3685"}],"wp:attachment":[{"href":"https:\/\/jornaloalvorada.com.br\/site\/wp-json\/wp\/v2\/media?parent=3684"}],"wp:term":[{"taxonomy":"category","embeddable":true,"href":"https:\/\/jornaloalvorada.com.br\/site\/wp-json\/wp\/v2\/categories?post=3684"},{"taxonomy":"post_tag","embeddable":true,"href":"https:\/\/jornaloalvorada.com.br\/site\/wp-json\/wp\/v2\/tags?post=3684"}],"curies":[{"name":"wp","href":"https:\/\/api.w.org\/{rel}","templated":true}]}}