{"id":3681,"date":"2023-11-20T08:33:36","date_gmt":"2023-11-20T12:33:36","guid":{"rendered":"https:\/\/jornaloalvorada.com.br\/site\/?p=3681"},"modified":"2023-11-20T08:33:38","modified_gmt":"2023-11-20T12:33:38","slug":"calorao-da-uma-tregua-nesta-segunda-feira-e-chuvas-voltam-a-ocorrer-no-estado","status":"publish","type":"post","link":"https:\/\/jornaloalvorada.com.br\/site\/2023\/11\/20\/calorao-da-uma-tregua-nesta-segunda-feira-e-chuvas-voltam-a-ocorrer-no-estado\/","title":{"rendered":"Calor\u00e3o d\u00e1 uma tr\u00e9gua nesta segunda-feira e chuvas voltam a ocorrer no Estado"},"content":{"rendered":"\n<p>A previs\u00e3o para esta segunda-feira (20) \u00e9 de tempo inst\u00e1vel com probabilidade de chuvas e tempestades acompanhadas de raios, rajadas de ventos e eventual queda de granizo. Estas informa\u00e7\u00f5es valem at\u00e9 quarta-feira (22), conforme dados do Cemtec (Centro de Monitoramento do Tempo e do Clima), vinculado \u00e0 Semadesc (Secretaria de Estado de Meio Ambiente, Desenvolvimento, Ci\u00eancia, Tecnologia e Inova\u00e7\u00e3o).&nbsp; Em Campo Grande, a temperatura m\u00ednima vai oscilar entre 23\u00b0C e 25\u00b0C, e m\u00e1ximas de at\u00e9 31\u00b0C.<\/p>\n\n\n\n<p>De acordo com a metereologista e coordenadora do Cemtec, Valesca Fernandes, estas instabilidades ocorrem devido ao intenso fluxo de calor e umidade vindo da Amaz\u00f4nia, alidada a atua\u00e7\u00e3o de uma frente fria oce\u00e2nica.<\/p>\n\n\n\n<p>\u201cAl\u00e9m disso, a atua\u00e7\u00e3o de uma \u00e1rea de baixa press\u00e3o atmosf\u00e9rica sob o Paraguai e deslocamento de cavados favorecem a forma\u00e7\u00e3o de nuvens e chuvas no Mato Grosso do Sul\u201d, informa a metereologista.<\/p>\n\n\n\n<p>Neste per\u00edodo est\u00e3o previstas temperaturas m\u00edninas entre 23\u00b0C e 25\u00b0C, e m\u00e1ximas que podem atingir os 33\u00b0C, nas regi\u00f5es sul, norte, bols\u00e3o e leste do Estado. Para as regi\u00f5es pantaneira e sudoeste, m\u00ednimas entre 25\u00b0C e 27\u00b0C, e m\u00e1ximas de at\u00e9 38\u00b0C. Nestes dias, os ventos atuam com velocidade entre 30 e 50 km\/h, e pontualmente, podem ocorrem rajadas acima destes valores.<\/p>\n\n\n\n<p><em>Alexandre Gonzaga, Comunica\u00e7\u00e3o do Governo de MS<br>Foto: Bruno Rezende<\/em><\/p>\n","protected":false},"excerpt":{"rendered":"<p>A previs\u00e3o para esta segunda-feira (20) \u00e9 de tempo inst\u00e1vel com probabilidade de chuvas e tempestades acompanhadas de raios, rajadas<\/p>\n","protected":false},"author":1,"featured_media":3682,"comment_status":"open","ping_status":"open","sticky":false,"template":"","format":"standard","meta":{"footnotes":""},"categories":[2],"tags":[],"class_list":["post-3681","post","type-post","status-publish","format-standard","has-post-thumbnail","hentry","category-noticias"],"_links":{"self":[{"href":"https:\/\/jornaloalvorada.com.br\/site\/wp-json\/wp\/v2\/posts\/3681","targetHints":{"allow":["GET"]}}],"collection":[{"href":"https:\/\/jornaloalvorada.com.br\/site\/wp-json\/wp\/v2\/posts"}],"about":[{"href":"https:\/\/jornaloalvorada.com.br\/site\/wp-json\/wp\/v2\/types\/post"}],"author":[{"embeddable":true,"href":"https:\/\/jornaloalvorada.com.br\/site\/wp-json\/wp\/v2\/users\/1"}],"replies":[{"embeddable":true,"href":"https:\/\/jornaloalvorada.com.br\/site\/wp-json\/wp\/v2\/comments?post=3681"}],"version-history":[{"count":1,"href":"https:\/\/jornaloalvorada.com.br\/site\/wp-json\/wp\/v2\/posts\/3681\/revisions"}],"predecessor-version":[{"id":3683,"href":"https:\/\/jornaloalvorada.com.br\/site\/wp-json\/wp\/v2\/posts\/3681\/revisions\/3683"}],"wp:featuredmedia":[{"embeddable":true,"href":"https:\/\/jornaloalvorada.com.br\/site\/wp-json\/wp\/v2\/media\/3682"}],"wp:attachment":[{"href":"https:\/\/jornaloalvorada.com.br\/site\/wp-json\/wp\/v2\/media?parent=3681"}],"wp:term":[{"taxonomy":"category","embeddable":true,"href":"https:\/\/jornaloalvorada.com.br\/site\/wp-json\/wp\/v2\/categories?post=3681"},{"taxonomy":"post_tag","embeddable":true,"href":"https:\/\/jornaloalvorada.com.br\/site\/wp-json\/wp\/v2\/tags?post=3681"}],"curies":[{"name":"wp","href":"https:\/\/api.w.org\/{rel}","templated":true}]}}