{"id":3671,"date":"2023-11-19T16:14:21","date_gmt":"2023-11-19T20:14:21","guid":{"rendered":"https:\/\/jornaloalvorada.com.br\/site\/?p=3671"},"modified":"2023-11-19T16:14:24","modified_gmt":"2023-11-19T20:14:24","slug":"mais-de-30-bebes-prematuros-sao-retirados-de-hospital-de-gaza","status":"publish","type":"post","link":"https:\/\/jornaloalvorada.com.br\/site\/2023\/11\/19\/mais-de-30-bebes-prematuros-sao-retirados-de-hospital-de-gaza\/","title":{"rendered":"Mais de 30 beb\u00eas prematuros s\u00e3o retirados de hospital de Gaza"},"content":{"rendered":"\n<p>Equipes de ambul\u00e2ncias do Crescente Vermelho Palestino retiraram 31 beb\u00eas prematuros do hospital Shifa neste domingo (19), em coordena\u00e7\u00e3o com a Organiza\u00e7\u00e3o Mundial da Sa\u00fade (OMS) e o Escrit\u00f3rio da ONU para a Coordena\u00e7\u00e3o de Assuntos Humanit\u00e1rios, disse o grupo em uma publica\u00e7\u00e3o em sua p\u00e1gina no Facebook.<img decoding=\"async\" src=\"https:\/\/agenciabrasil.ebc.com.br\/ebc.png?id=1567442&amp;o=node\"><img decoding=\"async\" src=\"https:\/\/agenciabrasil.ebc.com.br\/ebc.gif?id=1567442&amp;o=node\"><\/p>\n\n\n\n<p>Os beb\u00eas foram transferidos para o sul de Gaza \u201cem prepara\u00e7\u00e3o para a sua transfer\u00eancia para o hospital dos Emirados em Rafah\u201d, acrescentou o grupo.<\/p>\n\n\n\n<p>Mais tarde, no mesmo dia, Ashraf Al-Qidra, porta-voz do Minist\u00e9rio da Sa\u00fade na Faixa de Gaza controlada pelo Hamas, disse em coletiva de imprensa que os beb\u00eas foram transferidos para o hospital Tal Alsultan em Rafah e ser\u00e3o enviados para hospitais eg\u00edpcios com suas fam\u00edlias amanh\u00e3.<\/p>\n\n\n\n<p><em>Fonte: Ag\u00eancia Brasil<\/em><\/p>\n","protected":false},"excerpt":{"rendered":"<p>Equipes de ambul\u00e2ncias do Crescente Vermelho Palestino retiraram 31 beb\u00eas prematuros do hospital Shifa neste domingo (19), em coordena\u00e7\u00e3o com<\/p>\n","protected":false},"author":1,"featured_media":3672,"comment_status":"open","ping_status":"open","sticky":false,"template":"","format":"standard","meta":{"footnotes":""},"categories":[2],"tags":[],"class_list":["post-3671","post","type-post","status-publish","format-standard","has-post-thumbnail","hentry","category-noticias"],"_links":{"self":[{"href":"https:\/\/jornaloalvorada.com.br\/site\/wp-json\/wp\/v2\/posts\/3671","targetHints":{"allow":["GET"]}}],"collection":[{"href":"https:\/\/jornaloalvorada.com.br\/site\/wp-json\/wp\/v2\/posts"}],"about":[{"href":"https:\/\/jornaloalvorada.com.br\/site\/wp-json\/wp\/v2\/types\/post"}],"author":[{"embeddable":true,"href":"https:\/\/jornaloalvorada.com.br\/site\/wp-json\/wp\/v2\/users\/1"}],"replies":[{"embeddable":true,"href":"https:\/\/jornaloalvorada.com.br\/site\/wp-json\/wp\/v2\/comments?post=3671"}],"version-history":[{"count":1,"href":"https:\/\/jornaloalvorada.com.br\/site\/wp-json\/wp\/v2\/posts\/3671\/revisions"}],"predecessor-version":[{"id":3673,"href":"https:\/\/jornaloalvorada.com.br\/site\/wp-json\/wp\/v2\/posts\/3671\/revisions\/3673"}],"wp:featuredmedia":[{"embeddable":true,"href":"https:\/\/jornaloalvorada.com.br\/site\/wp-json\/wp\/v2\/media\/3672"}],"wp:attachment":[{"href":"https:\/\/jornaloalvorada.com.br\/site\/wp-json\/wp\/v2\/media?parent=3671"}],"wp:term":[{"taxonomy":"category","embeddable":true,"href":"https:\/\/jornaloalvorada.com.br\/site\/wp-json\/wp\/v2\/categories?post=3671"},{"taxonomy":"post_tag","embeddable":true,"href":"https:\/\/jornaloalvorada.com.br\/site\/wp-json\/wp\/v2\/tags?post=3671"}],"curies":[{"name":"wp","href":"https:\/\/api.w.org\/{rel}","templated":true}]}}