{"id":3656,"date":"2023-11-18T11:32:19","date_gmt":"2023-11-18T15:32:19","guid":{"rendered":"https:\/\/jornaloalvorada.com.br\/site\/?p=3656"},"modified":"2023-11-18T11:32:22","modified_gmt":"2023-11-18T15:32:22","slug":"pantanal-tem-mais-de-3-mil-incendios-em-novembro-recorde-historico","status":"publish","type":"post","link":"https:\/\/jornaloalvorada.com.br\/site\/2023\/11\/18\/pantanal-tem-mais-de-3-mil-incendios-em-novembro-recorde-historico\/","title":{"rendered":"Pantanal tem mais de 3 mil inc\u00eandios em novembro; recorde hist\u00f3rico"},"content":{"rendered":"\n<p>H\u00e1 mais de um m\u00eas, o fogo consome o Pantanal, e n\u00e3o h\u00e1 previs\u00e3o de  tr\u00e9gua. Em 16 dias de novembro deste ano, foram registrados 3.098 focos  de inc\u00eandio no bioma, um recorde hist\u00f3rico para o m\u00eas desde 2002, quando  foram contabilizados 2.328 focos.<\/p>\n\n\n\n<p>Em rela\u00e7\u00e3o ao mesmo per\u00edodo de 2022, o aumento de queimadas  ultrapassa 1.400%, conforme monitoramento do Programa Queimadas, do  Instituto Nacional de Pesquisas Espaciais (Inpe).<\/p>\n\n\n\n<p>O tempo seco e a onda de calor favorecem o grande n\u00famero de inc\u00eandios, que destroem a vegeta\u00e7\u00e3o e a fauna. \u00a0 Na \u00faltima quarta-feira (15), o fogo chegou a invadir a rodovia Transpantaneira. As chamas <a href=\"https:\/\/agenciabrasil.ebc.com.br\/geral\/noticia\/2023-11\/brigadistas-intensificam-trabalho-de-combate-incendios-no-pantanal\" target=\"_blank\" rel=\"noreferrer noopener\">foram controladas<\/a> pelas equipes de brigadistas e n\u00e3o alcan\u00e7aram as casas. Os inc\u00eandios levaram os governos de Mato Grosso e Mato Grosso do Sul, estados que abrigam o bioma, a <a href=\"https:\/\/agenciabrasil.ebc.com.br\/geral\/noticia\/2023-11\/dois-estados-decretam-emergencia-em-razao-de-incendios-no-pantanal\" target=\"_blank\" rel=\"noreferrer noopener\">decretar situa\u00e7\u00e3o de emerg\u00eancia na regi\u00e3o norte do Pantanal<\/a>. <\/p>\n\n\n\n<p>Causas A causa dos inc\u00eandios ainda est\u00e1 sob investiga\u00e7\u00e3o. Os especialistas  avaliam se come\u00e7aram por causa da queda de raios ou por a\u00e7\u00e3o humana.\u00a0 \u201cN\u00e3o foi poss\u00edvel esclarecer se todos os inc\u00eandios no Pantanal se  iniciaram com um raio, uma descarga el\u00e9trica, ou n\u00e3o, como em 2020,  quando muitos foram por crime ambiental, algu\u00e9m botando fogo para  destruir a vegeta\u00e7\u00e3o\u201d, disse o climatologista Carlos Nobre, pesquisador  do Instituto de Estudos Avan\u00e7ados da Universidade de S\u00e3o Paulo.<\/p>\n\n\n\n<p>Em 2020, o fogo queimou <a href=\"https:\/\/agenciabrasil.ebc.com.br\/geral\/noticia\/2023-08\/incendios-queimaram-30-de-area-do-pantanal-em-2020-mostra-estudo\" target=\"_blank\" rel=\"noreferrer noopener\">mais de 30% do territ\u00f3rio do Pantanal<\/a>, na por\u00e7\u00e3o brasileira, o equivalente a 44.998 quil\u00f4metros quadrados. No dia 21 de outubro deste ano, tr\u00eas raios atingiram o Parna do  Pantanal, a Reserva Particular do Patrim\u00f4nio Natural Doroch\u00ea e uma  propriedade particular.<\/p>\n\n\n\n<p> \u00a0 <img decoding=\"async\" title=\"Jo\u00e9dson Alves\/Ag\u00eancia Brasil\" style=\"width:741px;height:auto\" src=\"https:\/\/imagens.ebc.com.br\/uLIzYKhM9Ci4-a6nzwhOXNBpB2c=\/463x0\/smart\/https:\/\/agenciabrasil.ebc.com.br\/sites\/default\/files\/thumbnails\/image\/_ja02057.jpg?itok=oY0wz-2s\" alt=\"Porto Jofre (MT) 16\/11\/2023 \u2013Brigadistas do ICMBIO combatem inc\u00eandio florestal que atinge o Pantanal\nFoto: Jo\u00e9dson Alves\/Ag\u00eancia Brasil\"> <\/p>\n\n\n\n<p>Para tentar controlar as chamas, as equipes de brigadistas foram refor\u00e7adas. Atualmente, h\u00e1 mais de 300 servidores no combate aos inc\u00eandios no  Pantanal, com o apoio de quatro aeronaves e ve\u00edculos especiais de  combate a inc\u00eandios. O contingente foi refor\u00e7ado recentemente\u00a0pelo Instituto Brasileiro do  Meio Ambiente e dos Recursos Naturais Renov\u00e1veis (Ibama) e pelo  Instituto Chico Mendes de Conserva\u00e7\u00e3o da Biodiversidade (ICMBio).<\/p>\n\n\n\n<p><em>Fonte: Ag\u00eancia Brasil<\/em> <\/p>\n","protected":false},"excerpt":{"rendered":"<p>H\u00e1 mais de um m\u00eas, o fogo consome o Pantanal, e n\u00e3o h\u00e1 previs\u00e3o de tr\u00e9gua. Em 16 dias de<\/p>\n","protected":false},"author":1,"featured_media":3657,"comment_status":"open","ping_status":"open","sticky":false,"template":"","format":"standard","meta":{"footnotes":""},"categories":[2],"tags":[],"class_list":["post-3656","post","type-post","status-publish","format-standard","has-post-thumbnail","hentry","category-noticias"],"_links":{"self":[{"href":"https:\/\/jornaloalvorada.com.br\/site\/wp-json\/wp\/v2\/posts\/3656","targetHints":{"allow":["GET"]}}],"collection":[{"href":"https:\/\/jornaloalvorada.com.br\/site\/wp-json\/wp\/v2\/posts"}],"about":[{"href":"https:\/\/jornaloalvorada.com.br\/site\/wp-json\/wp\/v2\/types\/post"}],"author":[{"embeddable":true,"href":"https:\/\/jornaloalvorada.com.br\/site\/wp-json\/wp\/v2\/users\/1"}],"replies":[{"embeddable":true,"href":"https:\/\/jornaloalvorada.com.br\/site\/wp-json\/wp\/v2\/comments?post=3656"}],"version-history":[{"count":1,"href":"https:\/\/jornaloalvorada.com.br\/site\/wp-json\/wp\/v2\/posts\/3656\/revisions"}],"predecessor-version":[{"id":3658,"href":"https:\/\/jornaloalvorada.com.br\/site\/wp-json\/wp\/v2\/posts\/3656\/revisions\/3658"}],"wp:featuredmedia":[{"embeddable":true,"href":"https:\/\/jornaloalvorada.com.br\/site\/wp-json\/wp\/v2\/media\/3657"}],"wp:attachment":[{"href":"https:\/\/jornaloalvorada.com.br\/site\/wp-json\/wp\/v2\/media?parent=3656"}],"wp:term":[{"taxonomy":"category","embeddable":true,"href":"https:\/\/jornaloalvorada.com.br\/site\/wp-json\/wp\/v2\/categories?post=3656"},{"taxonomy":"post_tag","embeddable":true,"href":"https:\/\/jornaloalvorada.com.br\/site\/wp-json\/wp\/v2\/tags?post=3656"}],"curies":[{"name":"wp","href":"https:\/\/api.w.org\/{rel}","templated":true}]}}