{"id":3650,"date":"2023-11-18T11:21:54","date_gmt":"2023-11-18T15:21:54","guid":{"rendered":"https:\/\/jornaloalvorada.com.br\/site\/?p=3650"},"modified":"2023-11-18T11:21:57","modified_gmt":"2023-11-18T15:21:57","slug":"noite-das-estrelas-destaca-o-melhor-do-boxe-de-ms-e-recebe-lutadores-da-bolivia-e-paraguai","status":"publish","type":"post","link":"https:\/\/jornaloalvorada.com.br\/site\/2023\/11\/18\/noite-das-estrelas-destaca-o-melhor-do-boxe-de-ms-e-recebe-lutadores-da-bolivia-e-paraguai\/","title":{"rendered":"Noite das Estrelas destaca o melhor do boxe de MS e recebe lutadores da Bol\u00edvia e Paraguai"},"content":{"rendered":"\n<p>Boxeadores de Mato Grosso do Sul e convidados da Bol\u00edvia e Paraguai estar\u00e3o reunidos, neste s\u00e1bado (18), a partir das 18 horas, na terceira edi\u00e7\u00e3o do Noite das Estrelas. O evento ter\u00e1 10 combates na programa\u00e7\u00e3o, com disputas no Grand\u2019 Mere Buffet, em Campo Grande. A entrada \u00e9 gratuita ao p\u00fablico.<\/p>\n\n\n\n<p>A realiza\u00e7\u00e3o \u00e9 FDBMS (Federa\u00e7\u00e3o de Boxe de Mato Grosso do Sul), com apoio do Governo de Mato Grosso do Sul, por meio da Fundesporte (Funda\u00e7\u00e3o de Desporto e Lazer) e Setescc (Secretaria de Estado de Turismo, Esporte, Cultura e Cidadania). O principal confronto da noite colocar\u00e1 frente a frente o sul-mato-grossense Paulo Martins, de 27 anos, e o boliviano Aron Luyo Dias, de 23 anos, campe\u00e3o da prov\u00edncia de Santa Cruz, com mais de 40 lutas na carreira.<\/p>\n\n\n\n<p>Popularmente conhecido como Soldado de Cristo, Paulo retorna aos ringues ap\u00f3s dois anos, enfrentando um advers\u00e1rio desafiador. Seu \u00faltimo combate foi na segunda edi\u00e7\u00e3o do Noite das Estrelas, em novembro de 2021, onde venceu por nocaute. Ap\u00f3s uma contus\u00e3o na coluna durante o treinamento, ficou afastado do boxe.<\/p>\n\n\n\n<p>\u201cMinhas expectativas s\u00e3o enormes e boas. Vou enfrentar um advers\u00e1rio muito dif\u00edcil, sei que ele gosta muita da troca\u00e7\u00e3o em curta dist\u00e2ncia. Preciso ter boa movimenta\u00e7\u00e3o, boxear com muita rapidez e sair com habilidade dos avan\u00e7os dele\u201d, comenta Paulo, que iniciou na modalidade de luta aos oito anos de idade. O lutador coleciona in\u00fameros t\u00edtulos nacionais e chegou a ser eleito melhor atleta de Mato Grosso do Sul em 2014 e 2017. Al\u00e9m disso, Soldado de Cristo tem no curr\u00edculo o trof\u00e9u de campe\u00e3o do torneio internacional de Santa Cruz de La Sierra, sete t\u00edtulos sul-mato-grossenses e demais p\u00f3dios em eventos nacionais e fora do Pa\u00eds.<\/p>\n\n\n\n<p>Segundo o diretor-presidente da Fundesporte, Herculano Borges, o Noite das Estrelas colocar\u00e1 em evid\u00eancia os grandes talentos do pugilismo de Mato Grosso do Sul. \u201c\u00c9 uma oportunidade para presenciar o melhor do nosso boxe, com atletas de destaque em uma competi\u00e7\u00e3o de alto n\u00edvel. A presen\u00e7a atletas da Bol\u00edvia e Paraguai fortalece ainda mais a integra\u00e7\u00e3o esportiva entre nossos pa\u00edses vizinhos e promove uma troca cultural\u201d.<\/p>\n\n\n\n<p><strong>Confira quais ser\u00e3o os 10 combates do 3\u00ba Noite das Estrelas:<\/strong><\/p>\n\n\n\n<p>1 \u2013 63,5 kg juvenil: Eduardo Jorge (1\u00ba Round) x Felipe Queiroz (Boxe Elite)<\/p>\n\n\n\n<p>2 \u2013 67 kg elite: Lucas Ramires (Team Lescano) x Ariel (Aton Fight\/Boxe Cubano)<\/p>\n\n\n\n<p>3 \u2013 54 kg juvenil: Iran Lopes (Ponta Por\u00e3) x Pedro Henrique (1\u00ba Round)<\/p>\n\n\n\n<p>4 \u2013 75 kg elite: Fernando Soldado (Boxe Elite) x Victor Gabriel (CT Pantaneiro\/Moreninhas)<\/p>\n\n\n\n<p>5 \u2013 63,5 kg juvenil: Jo\u00e3o Victor Soares (Studio Reis) x Richard Daniel \u201cChapo\u201d (<em>Escuela de Boxeo Guerrero del Pu\u00f1o<\/em>)<\/p>\n\n\n\n<p>6 \u2013 69 kg cadete: Artur Tadeu (Aton Fight\/Boxe Cubano) x Daniel Dur\u00ea Britto (CT Pantaneiro\/Moreninhas)<\/p>\n\n\n\n<p>7 \u2013 +92 kg elite: Renan da Silva (Boxe Elite) x Lu\u00eds Carlos Flipper (1\u00ba Round)<\/p>\n\n\n\n<p>8 \u2013 63,5 kg elite: Cristhian C\u00e1ceres (Aton Fight\/Boxe Cubano) x Muriel Pereira Nunes (CT Pantaneiro\/Moreninhas)<\/p>\n\n\n\n<p>9 \u2013 80 kg elite: Jesus Ocampos (Ocampos Team) x Rody Riquelme (<em>Escuela de Boxeo Guerrero del Pu\u00f1o<\/em>)<\/p>\n\n\n\n<p>10 \u2013 69 Kg elite: Aron Luyo Dias (Bol\u00edvia) x Paulo Martins \u201cSoldado de Cristo\u201d<\/p>\n\n\n\n<p><strong>Servi\u00e7o<\/strong><\/p>\n\n\n\n<p>Noite das Estrelas<\/p>\n\n\n\n<p>Data: s\u00e1bado, 18 de novembro<\/p>\n\n\n\n<p>Local: Grand\u2019 Mere Buffet \u2013 R. Pedro Martins, 184 \u2013 Carand\u00e1 Bosque \u2013 Campo Grande (MS)<\/p>\n\n\n\n<p>Hor\u00e1rio: a partir das 18h<\/p>\n\n\n\n<p>Entrada gratuita. Mais informa\u00e7\u00f5es pelo telefone (67) 99251-3317.<\/p>\n\n\n\n<p><em>Texto e foto: Lucas Castro, Fundesporte<\/em><\/p>\n","protected":false},"excerpt":{"rendered":"<p>Boxeadores de Mato Grosso do Sul e convidados da Bol\u00edvia e Paraguai estar\u00e3o reunidos, neste s\u00e1bado (18), a partir das<\/p>\n","protected":false},"author":1,"featured_media":3651,"comment_status":"open","ping_status":"open","sticky":false,"template":"","format":"standard","meta":{"footnotes":""},"categories":[2],"tags":[],"class_list":["post-3650","post","type-post","status-publish","format-standard","has-post-thumbnail","hentry","category-noticias"],"_links":{"self":[{"href":"https:\/\/jornaloalvorada.com.br\/site\/wp-json\/wp\/v2\/posts\/3650","targetHints":{"allow":["GET"]}}],"collection":[{"href":"https:\/\/jornaloalvorada.com.br\/site\/wp-json\/wp\/v2\/posts"}],"about":[{"href":"https:\/\/jornaloalvorada.com.br\/site\/wp-json\/wp\/v2\/types\/post"}],"author":[{"embeddable":true,"href":"https:\/\/jornaloalvorada.com.br\/site\/wp-json\/wp\/v2\/users\/1"}],"replies":[{"embeddable":true,"href":"https:\/\/jornaloalvorada.com.br\/site\/wp-json\/wp\/v2\/comments?post=3650"}],"version-history":[{"count":1,"href":"https:\/\/jornaloalvorada.com.br\/site\/wp-json\/wp\/v2\/posts\/3650\/revisions"}],"predecessor-version":[{"id":3652,"href":"https:\/\/jornaloalvorada.com.br\/site\/wp-json\/wp\/v2\/posts\/3650\/revisions\/3652"}],"wp:featuredmedia":[{"embeddable":true,"href":"https:\/\/jornaloalvorada.com.br\/site\/wp-json\/wp\/v2\/media\/3651"}],"wp:attachment":[{"href":"https:\/\/jornaloalvorada.com.br\/site\/wp-json\/wp\/v2\/media?parent=3650"}],"wp:term":[{"taxonomy":"category","embeddable":true,"href":"https:\/\/jornaloalvorada.com.br\/site\/wp-json\/wp\/v2\/categories?post=3650"},{"taxonomy":"post_tag","embeddable":true,"href":"https:\/\/jornaloalvorada.com.br\/site\/wp-json\/wp\/v2\/tags?post=3650"}],"curies":[{"name":"wp","href":"https:\/\/api.w.org\/{rel}","templated":true}]}}