{"id":3648,"date":"2023-11-18T11:20:08","date_gmt":"2023-11-18T15:20:08","guid":{"rendered":"https:\/\/jornaloalvorada.com.br\/site\/?p=3648"},"modified":"2023-11-18T11:20:11","modified_gmt":"2023-11-18T15:20:11","slug":"sabado-tem-tempo-instavel-e-chuvas-podem-atingir-grande-parte-de-mato-grosso-do-sul","status":"publish","type":"post","link":"https:\/\/jornaloalvorada.com.br\/site\/2023\/11\/18\/sabado-tem-tempo-instavel-e-chuvas-podem-atingir-grande-parte-de-mato-grosso-do-sul\/","title":{"rendered":"S\u00e1bado tem tempo inst\u00e1vel e chuvas podem atingir grande parte de Mato Grosso do Sul"},"content":{"rendered":"\n<p>A previs\u00e3o do Cemtec (Centro de Monitoramento do Tempo e do Clima) para este s\u00e1bado (18) indica probabilidade de chuvas e tempestades acompanhadas de raios, rajadas de vento e eventual queda de granizo. Tais instabilidades ocorrem devido ao intenso fluxo de calor e umidade vindo da Amaz\u00f4nia, aliado ao avan\u00e7o de uma frente fria oce\u00e2nica.<\/p>\n\n\n\n<p>De acordo com o Cemtec, Campo Grande tem m\u00ednima prevista de 29\u00b0C, enquanto a m\u00e1xima atinge os 38\u00b0C. Em Dourados, os term\u00f4metros marcam 25\u00b0C inicialmente e chegam aos 40\u00b0C ao longo do dia. Em Ponta Por\u00e3, fronteira com o Paraguai, a m\u00ednima \u00e9 de 25\u00b0C e a m\u00e1xima \u00e9 de 37\u00b0C. Anauril\u00e2ndia, no leste do estado, apresenta varia\u00e7\u00e3o entre 26\u00b0C e 38\u00b0C.<\/p>\n\n\n\n<p>Parana\u00edba e Tr\u00eas Lagoas, na regi\u00e3o do Bols\u00e3o, atingem m\u00e1xima de 39\u00b0C, com m\u00ednimas de 26\u00b0C e 27\u00b0C, respectivamente. No Norte, Coxim tem 27\u00b0C pela manh\u00e3 e 40\u00b0C pela tarde, enquanto em Camapu\u00e3 os valores variam entre 26\u00b0C e 38\u00b0C.<\/p>\n\n\n\n<p>No Pantanal, Corumb\u00e1 tem m\u00ednima de 30\u00b0C e m\u00e1xima de 42\u00b0C; Aquidauana amanhece aos 31\u00b0C e marca 42\u00b0C ao longo do dia. O munic\u00edpio de Porto Murtinho tem m\u00ednima de 29\u00b0C, atingindo tamb\u00e9m os 42\u00b0C no per\u00edodo da tarde.<\/p>\n\n\n\n<p><em>Heloisa Duim, Programa de Est\u00e1gio Supervisionado<\/em> <em>Foto: \u00c1lvaro Rezende<\/em><\/p>\n","protected":false},"excerpt":{"rendered":"<p>A previs\u00e3o do Cemtec (Centro de Monitoramento do Tempo e do Clima) para este s\u00e1bado (18) indica probabilidade de chuvas<\/p>\n","protected":false},"author":1,"featured_media":2544,"comment_status":"open","ping_status":"open","sticky":false,"template":"","format":"standard","meta":{"footnotes":""},"categories":[2],"tags":[],"class_list":["post-3648","post","type-post","status-publish","format-standard","has-post-thumbnail","hentry","category-noticias"],"_links":{"self":[{"href":"https:\/\/jornaloalvorada.com.br\/site\/wp-json\/wp\/v2\/posts\/3648","targetHints":{"allow":["GET"]}}],"collection":[{"href":"https:\/\/jornaloalvorada.com.br\/site\/wp-json\/wp\/v2\/posts"}],"about":[{"href":"https:\/\/jornaloalvorada.com.br\/site\/wp-json\/wp\/v2\/types\/post"}],"author":[{"embeddable":true,"href":"https:\/\/jornaloalvorada.com.br\/site\/wp-json\/wp\/v2\/users\/1"}],"replies":[{"embeddable":true,"href":"https:\/\/jornaloalvorada.com.br\/site\/wp-json\/wp\/v2\/comments?post=3648"}],"version-history":[{"count":1,"href":"https:\/\/jornaloalvorada.com.br\/site\/wp-json\/wp\/v2\/posts\/3648\/revisions"}],"predecessor-version":[{"id":3649,"href":"https:\/\/jornaloalvorada.com.br\/site\/wp-json\/wp\/v2\/posts\/3648\/revisions\/3649"}],"wp:featuredmedia":[{"embeddable":true,"href":"https:\/\/jornaloalvorada.com.br\/site\/wp-json\/wp\/v2\/media\/2544"}],"wp:attachment":[{"href":"https:\/\/jornaloalvorada.com.br\/site\/wp-json\/wp\/v2\/media?parent=3648"}],"wp:term":[{"taxonomy":"category","embeddable":true,"href":"https:\/\/jornaloalvorada.com.br\/site\/wp-json\/wp\/v2\/categories?post=3648"},{"taxonomy":"post_tag","embeddable":true,"href":"https:\/\/jornaloalvorada.com.br\/site\/wp-json\/wp\/v2\/tags?post=3648"}],"curies":[{"name":"wp","href":"https:\/\/api.w.org\/{rel}","templated":true}]}}