{"id":3641,"date":"2023-11-17T16:30:00","date_gmt":"2023-11-17T20:30:00","guid":{"rendered":"https:\/\/jornaloalvorada.com.br\/site\/?p=3641"},"modified":"2023-11-17T16:30:05","modified_gmt":"2023-11-17T20:30:05","slug":"gasolina-esta-mais-cara-no-brasil-do-que-no-exterior","status":"publish","type":"post","link":"https:\/\/jornaloalvorada.com.br\/site\/2023\/11\/17\/gasolina-esta-mais-cara-no-brasil-do-que-no-exterior\/","title":{"rendered":"Gasolina est\u00e1 mais cara no Brasil do que no exterior"},"content":{"rendered":"\n<p>Com a queda do <strong>petr\u00f3leo<\/strong>no mercado internacional nos \u00faltimos dias, recuando para o patamar de US$ 70 o barril, e a manuten\u00e7\u00e3o dos pre\u00e7os dos derivados nas refinarias da <strong>Petrobras<\/strong>no mercado interno h\u00e1 quase um m\u00eas, as janelas de importa\u00e7\u00e3o est\u00e3o abertas, na avalia\u00e7\u00e3o da <strong>Associa\u00e7\u00e3o Brasileira dos Importadores de Combust\u00edveis (Abicom)<\/strong>. Na m\u00e9dia, a gasolina est\u00e1 8% mais cara nas refinarias brasileiras em rela\u00e7\u00e3o ao mercado internacional e o diesel, 4%.<\/p>\n\n\n\n<p>Na manh\u00e3 desta sexta-feira, 17, o barril do petr\u00f3leo tipo Brent est\u00e1 sendo negociado a US$ 78,50. J\u00e1 o \u00f3leo tipo WTI est\u00e1 cotado a US$ 73,81 o barril (equivalente a 158,98 litros).<\/p>\n\n\n\n<p>Na Bahia, onde funciona a \u00fanica refinaria privada relevante, a Refinaria de Mataripe, a defasagem de pre\u00e7o chega a 15% no caso da gasolina, enquanto o diesel est\u00e1 sendo vendido 1% abaixo do mercado internacional.<\/p>\n\n\n\n<p>Nas refinarias da Petrobras, a gasolina est\u00e1 6% mais cara do que no exterior e o diesel, 5%. Para atingir a paridade internacional, a estatal poderia reduzir o pre\u00e7o da gasolina em R$ 0,16 o litro e o diesel em R$ 0,19 o litro, segundo a Abicom.<\/p>\n\n\n\n<p>Nesta sexta-feira, o ministro de Minas e Energia, Alexandre Silveira, defendeu que a Petrobras reduza os pre\u00e7os dos combust\u00edveis para ajudar a diminuir o impacto inflacion\u00e1rio no Pa\u00eds, e com isso permitir que o Banco Central reduza os juros e estimule a economia.<\/p>\n\n\n\n<p>Na avalia\u00e7\u00e3o de Silveira, a redu\u00e7\u00e3o de pre\u00e7os poderia ser entre R$ 0,32 e R$ 0,42 para o diesel \u00e9 de R$ 0,10 e R$ 0,12 na gasolina.<\/p>\n\n\n\n<p>Estad\u00e3o<\/p>\n\n\n\n<p><em>FONTE: terrabrasilnoticias.com<\/em><\/p>\n","protected":false},"excerpt":{"rendered":"<p>Com a queda do petr\u00f3leono mercado internacional nos \u00faltimos dias, recuando para o patamar de US$ 70 o barril, e<\/p>\n","protected":false},"author":1,"featured_media":3642,"comment_status":"open","ping_status":"open","sticky":false,"template":"","format":"standard","meta":{"footnotes":""},"categories":[2],"tags":[],"class_list":["post-3641","post","type-post","status-publish","format-standard","has-post-thumbnail","hentry","category-noticias"],"_links":{"self":[{"href":"https:\/\/jornaloalvorada.com.br\/site\/wp-json\/wp\/v2\/posts\/3641","targetHints":{"allow":["GET"]}}],"collection":[{"href":"https:\/\/jornaloalvorada.com.br\/site\/wp-json\/wp\/v2\/posts"}],"about":[{"href":"https:\/\/jornaloalvorada.com.br\/site\/wp-json\/wp\/v2\/types\/post"}],"author":[{"embeddable":true,"href":"https:\/\/jornaloalvorada.com.br\/site\/wp-json\/wp\/v2\/users\/1"}],"replies":[{"embeddable":true,"href":"https:\/\/jornaloalvorada.com.br\/site\/wp-json\/wp\/v2\/comments?post=3641"}],"version-history":[{"count":1,"href":"https:\/\/jornaloalvorada.com.br\/site\/wp-json\/wp\/v2\/posts\/3641\/revisions"}],"predecessor-version":[{"id":3643,"href":"https:\/\/jornaloalvorada.com.br\/site\/wp-json\/wp\/v2\/posts\/3641\/revisions\/3643"}],"wp:featuredmedia":[{"embeddable":true,"href":"https:\/\/jornaloalvorada.com.br\/site\/wp-json\/wp\/v2\/media\/3642"}],"wp:attachment":[{"href":"https:\/\/jornaloalvorada.com.br\/site\/wp-json\/wp\/v2\/media?parent=3641"}],"wp:term":[{"taxonomy":"category","embeddable":true,"href":"https:\/\/jornaloalvorada.com.br\/site\/wp-json\/wp\/v2\/categories?post=3641"},{"taxonomy":"post_tag","embeddable":true,"href":"https:\/\/jornaloalvorada.com.br\/site\/wp-json\/wp\/v2\/tags?post=3641"}],"curies":[{"name":"wp","href":"https:\/\/api.w.org\/{rel}","templated":true}]}}