{"id":3635,"date":"2023-11-17T14:43:28","date_gmt":"2023-11-17T18:43:28","guid":{"rendered":"https:\/\/jornaloalvorada.com.br\/site\/?p=3635"},"modified":"2023-11-17T14:44:57","modified_gmt":"2023-11-17T18:44:57","slug":"nota-de-pesar-sra-ida-de-souza-nogueira","status":"publish","type":"post","link":"https:\/\/jornaloalvorada.com.br\/site\/2023\/11\/17\/nota-de-pesar-sra-ida-de-souza-nogueira\/","title":{"rendered":"Nota de Pesar: Sra. Ida de Souza Nogueira"},"content":{"rendered":"\n<p>Nota de Pesar<\/p>\n\n\n\n<p>Com profundo pesar, a Prefeitura Municipal de Nova Alvorada do Sul lamenta o falecimento da Sra. Ida de Souza Nogueira, ocorrido no dia 17 de novembro de 2023.<\/p>\n\n\n\n<p>A Sra. Ida era uma pessoa de grande valor para a nossa comunidade. Um exemplo de for\u00e7a e determina\u00e7\u00e3o.<\/p>\n\n\n\n<p>Seu falecimento \u00e9 uma grande perda para todos.<\/p>\n\n\n\n<p>O sepultamento da Sra. Ida ser\u00e1 realizado \u00e0s 16h, no Cemit\u00e9rio Municipal. O vel\u00f3rio ser\u00e1 realizado a partir das 12h, na Pax MED.<\/p>\n\n\n\n<p>Nossos sinceros sentimentos aos familiares e amigos da Sra. Ida.<\/p>\n","protected":false},"excerpt":{"rendered":"<p>Nota de Pesar Com profundo pesar, a Prefeitura Municipal de Nova Alvorada do Sul lamenta o falecimento da Sra. Ida<\/p>\n","protected":false},"author":1,"featured_media":3636,"comment_status":"open","ping_status":"open","sticky":false,"template":"","format":"standard","meta":{"footnotes":""},"categories":[11],"tags":[],"class_list":["post-3635","post","type-post","status-publish","format-standard","has-post-thumbnail","hentry","category-nota-pesar"],"_links":{"self":[{"href":"https:\/\/jornaloalvorada.com.br\/site\/wp-json\/wp\/v2\/posts\/3635","targetHints":{"allow":["GET"]}}],"collection":[{"href":"https:\/\/jornaloalvorada.com.br\/site\/wp-json\/wp\/v2\/posts"}],"about":[{"href":"https:\/\/jornaloalvorada.com.br\/site\/wp-json\/wp\/v2\/types\/post"}],"author":[{"embeddable":true,"href":"https:\/\/jornaloalvorada.com.br\/site\/wp-json\/wp\/v2\/users\/1"}],"replies":[{"embeddable":true,"href":"https:\/\/jornaloalvorada.com.br\/site\/wp-json\/wp\/v2\/comments?post=3635"}],"version-history":[{"count":1,"href":"https:\/\/jornaloalvorada.com.br\/site\/wp-json\/wp\/v2\/posts\/3635\/revisions"}],"predecessor-version":[{"id":3637,"href":"https:\/\/jornaloalvorada.com.br\/site\/wp-json\/wp\/v2\/posts\/3635\/revisions\/3637"}],"wp:featuredmedia":[{"embeddable":true,"href":"https:\/\/jornaloalvorada.com.br\/site\/wp-json\/wp\/v2\/media\/3636"}],"wp:attachment":[{"href":"https:\/\/jornaloalvorada.com.br\/site\/wp-json\/wp\/v2\/media?parent=3635"}],"wp:term":[{"taxonomy":"category","embeddable":true,"href":"https:\/\/jornaloalvorada.com.br\/site\/wp-json\/wp\/v2\/categories?post=3635"},{"taxonomy":"post_tag","embeddable":true,"href":"https:\/\/jornaloalvorada.com.br\/site\/wp-json\/wp\/v2\/tags?post=3635"}],"curies":[{"name":"wp","href":"https:\/\/api.w.org\/{rel}","templated":true}]}}