{"id":3624,"date":"2023-11-17T09:57:13","date_gmt":"2023-11-17T13:57:13","guid":{"rendered":"https:\/\/jornaloalvorada.com.br\/site\/?p=3624"},"modified":"2023-11-17T09:57:15","modified_gmt":"2023-11-17T13:57:15","slug":"granizo-do-tamanho-de-ovo-atinge-mais-de-500-casas-de-sc-parecia-uma-guerra","status":"publish","type":"post","link":"https:\/\/jornaloalvorada.com.br\/site\/2023\/11\/17\/granizo-do-tamanho-de-ovo-atinge-mais-de-500-casas-de-sc-parecia-uma-guerra\/","title":{"rendered":"Granizo do &#8216;tamanho de ovo&#8217; atinge mais de 500 casas de SC: \u201cParecia uma guerra\u201d"},"content":{"rendered":"\n<p>A chuva de granizo, que caiu na noite desta quinta-feira (16), assustou os moradores do Oeste de Santa Catarina. Em alguns pontos, as pedras de gelo tinham o tamanho de um ovo. O fen\u00f4meno causou estragos e afetou centenas de im\u00f3veis.<\/p>\n\n\n\n<p>Em Monda\u00ed, a chuva ocorreu por volta das 22h. Segundo o Corpo de Bombeiros Militar, o granizo afetou, principalmente, os moradores da Linha Catres, no interior do munic\u00edpio. Ao menos sete casas foram atingidas pelas pedras de gelo. Um mercado tamb\u00e9m teve o telhado danificado, assim como avi\u00e1rios e galp\u00f5es.<\/p>\n\n\n\n<p>A chuva tamb\u00e9m foi registrada em S\u00e3o Carlos e \u00c1guas de Chapec\u00f3 por volta das 22h20min. De acordo com os bombeiros, boa parte das cidades foram atingidas. S\u00f3 em S\u00e3o Carlos, cerca de 500 casas foram afetadas.<\/p>\n\n\n\n<p>\u2014 Por volta das 22h, come\u00e7ou a cair pedra, parecia uma guerra. Nunca vi coisa igual. Come\u00e7amos a nos esconder e nos proteger [\u2026]. Come\u00e7ou a cair pedra de meio quilo. Quebrou todo o telhado \u2014 relatou um morador em entrevista ao Bom Dia SC.<\/p>\n\n\n\n<p>A Defesa Civil municipal se reuniu na manh\u00e3 desta sexta-feira (17) para definir como a equipe vai trabalhar no reparo dos estragos.<\/p>\n\n\n\n<p>Outra preocupa\u00e7\u00e3o \u00e9 com o Rio Uruguai, que segue subindo na regi\u00e3o. De acordo com a Defesa Civil de Itapiranga, o n\u00edvel est\u00e1 em 11 metros e meio.<\/p>\n\n\n\n<p><strong>NSC Total<\/strong><\/p>\n\n\n\n<p><em>FONTE: terrabrasilnoticias.com<\/em><\/p>\n","protected":false},"excerpt":{"rendered":"<p>A chuva de granizo, que caiu na noite desta quinta-feira (16), assustou os moradores do Oeste de Santa Catarina. Em<\/p>\n","protected":false},"author":1,"featured_media":3625,"comment_status":"open","ping_status":"open","sticky":false,"template":"","format":"standard","meta":{"footnotes":""},"categories":[2],"tags":[],"class_list":["post-3624","post","type-post","status-publish","format-standard","has-post-thumbnail","hentry","category-noticias"],"_links":{"self":[{"href":"https:\/\/jornaloalvorada.com.br\/site\/wp-json\/wp\/v2\/posts\/3624","targetHints":{"allow":["GET"]}}],"collection":[{"href":"https:\/\/jornaloalvorada.com.br\/site\/wp-json\/wp\/v2\/posts"}],"about":[{"href":"https:\/\/jornaloalvorada.com.br\/site\/wp-json\/wp\/v2\/types\/post"}],"author":[{"embeddable":true,"href":"https:\/\/jornaloalvorada.com.br\/site\/wp-json\/wp\/v2\/users\/1"}],"replies":[{"embeddable":true,"href":"https:\/\/jornaloalvorada.com.br\/site\/wp-json\/wp\/v2\/comments?post=3624"}],"version-history":[{"count":1,"href":"https:\/\/jornaloalvorada.com.br\/site\/wp-json\/wp\/v2\/posts\/3624\/revisions"}],"predecessor-version":[{"id":3626,"href":"https:\/\/jornaloalvorada.com.br\/site\/wp-json\/wp\/v2\/posts\/3624\/revisions\/3626"}],"wp:featuredmedia":[{"embeddable":true,"href":"https:\/\/jornaloalvorada.com.br\/site\/wp-json\/wp\/v2\/media\/3625"}],"wp:attachment":[{"href":"https:\/\/jornaloalvorada.com.br\/site\/wp-json\/wp\/v2\/media?parent=3624"}],"wp:term":[{"taxonomy":"category","embeddable":true,"href":"https:\/\/jornaloalvorada.com.br\/site\/wp-json\/wp\/v2\/categories?post=3624"},{"taxonomy":"post_tag","embeddable":true,"href":"https:\/\/jornaloalvorada.com.br\/site\/wp-json\/wp\/v2\/tags?post=3624"}],"curies":[{"name":"wp","href":"https:\/\/api.w.org\/{rel}","templated":true}]}}