{"id":3620,"date":"2023-11-17T09:46:38","date_gmt":"2023-11-17T13:46:38","guid":{"rendered":"https:\/\/jornaloalvorada.com.br\/site\/?p=3620"},"modified":"2023-11-17T09:46:40","modified_gmt":"2023-11-17T13:46:40","slug":"brigadistas-intensificam-trabalho-de-combate-a-incendios-no-pantanal","status":"publish","type":"post","link":"https:\/\/jornaloalvorada.com.br\/site\/2023\/11\/17\/brigadistas-intensificam-trabalho-de-combate-a-incendios-no-pantanal\/","title":{"rendered":"Brigadistas intensificam trabalho de combate a inc\u00eandios no Pantanal"},"content":{"rendered":"\n<p><div id=\"page\" class=\"hfeed site\"><div id=\"main\" class=\"clearfix\"><div class=\"inner-wrap clearfix\"><div id=\"primary\"><div id=\"content\" class=\"clearfix\"><article id=\"post-4045\" class=\"post-4045 post type-post status-publish format-standard has-post-thumbnail hentry category-geral-brasil\"><div class=\"article-content clearfix\"><div class=\"entry-content clearfix\"> <p>Equipes de brigadistas est\u00e3o intensificando as a\u00e7\u00f5es de combate aos   inc\u00eandios que atingem o norte do Pantanal. Nesta quinta-feira (16), o   Painel do Fogo do Centro Gestor e Operacional do Sistema de Prote\u00e7\u00e3o da   Amaz\u00f4nia (Censipam) registrou 71 eventos de fogo no Pantanal norte.<img decoding=\"async\" src=\"https:\/\/agenciabrasil.ebc.com.br\/ebc.png?id=1567020&amp;o=node\"><img decoding=\"async\" src=\"https:\/\/agenciabrasil.ebc.com.br\/ebc.gif?id=1567020&amp;o=node\">O  presidente do Instituto Chico Mendes de Conserva\u00e7\u00e3o da  Biodiversidade  (ICMBio), Mauro Pires, est\u00e1 na regi\u00e3o de Porto Jofre, no  munic\u00edpio de  Pocon\u00e9 (MT), para ver de perto o trabalho dos brigadistas. O  presidente  do Instituto Brasileiro do Meio Ambiente e dos Recursos  Naturais  Renov\u00e1veis (Ibama), Rodrigo Agostinho, tamb\u00e9m esteve em Mato  Grosso  para acompanhar o combate aos inc\u00eandios florestais que atingem o   Pantanal.<\/p> <p>\u201cOs nossos brigadistas em geral fazem um trabalho bastante   especializado, mas \u00e9 um trabalho de risco, extenuante. \u00c9 um trabalho que   exige muito cuidado, muita t\u00e9cnica, porque combater o inc\u00eandio \u00e9 antes   de tudo preservar a vida, incluindo a vida dos brigadistas, a vida das   pessoas. Estamos totalmente dedicados para que esse combate aconte\u00e7a  da  melhor forma poss\u00edvel e que todos voltem em paz para os seus lares\u201d,  diz  Pires.<\/p> <p><img loading=\"lazy\" decoding=\"async\" width=\"670\" height=\"447\" class=\"moz-reader-block-img\" src=\"https:\/\/imagens.ebc.com.br\/IM5O191UutiQ4C-WwDR2kF__ivw=\/754x0\/smart\/https:\/\/agenciabrasil.ebc.com.br\/sites\/default\/files\/thumbnails\/image\/_ja02498.jpg?itok=wiZfJIz8\"> <\/p> <p>Atualmente, h\u00e1 mais de 300 servidores trabalhando no combate aos   inc\u00eandios no Pantanal, com o apoio de quatro aeronaves e ve\u00edculos   especiais de combate a inc\u00eandios. O contingente <a href=\"https:\/\/agenciabrasil.ebc.com.br\/geral\/noticia\/2023-11\/governo-reforca-acoes-de-combate-ao-fogo-no-pantanal\" target=\"_blank\" rel=\"noopener\">foi refor\u00e7ado recentemente<\/a> pelo Ibama e ICMBio.<\/p> <p>\u201cNossa expectativa \u00e9 que com incremento dos brigadistas, do refor\u00e7o   de aeronaves e dos equipamentos a gente consiga debelar o mais r\u00e1pido   poss\u00edvel esses focos. Isso n\u00e3o quer dizer que ter\u00e1 sido encerrada a   temporada de inc\u00eandios, mas n\u00f3s temos a expectativa de que, debelando   esses principais focos, a gente consiga manter uma situa\u00e7\u00e3o bem mais   controlada do que se verificou nesses \u00faltimos dias\u201d, diz Pires.<\/p> <p>O ICMBio tamb\u00e9m tem equipes de veterin\u00e1rios para fazer o r\u00e1pido   resgate de animais feridos. Pires lembra que nos inc\u00eandios ocorridos em   2020 na regi\u00e3o foi registrada a morte de centenas de esp\u00e9cies de   animais.Pires explica que focos podem surgir tanto por a\u00e7\u00e3o criminosa,  como  associados a fatores naturais: elevada seca, altas temperaturas e a   velocidade dos ventos na regi\u00e3o, al\u00e9m da incid\u00eancia de raios. No dia  21  de outubro, tr\u00eas raios atingiram o Parque Nacional do Pantanal, a   Reserva Particular do Patrim\u00f4nio Natural Doroch\u00ea e uma propriedade   particular pr\u00f3xima.<\/p> <p>TranspantaneiraNa quarta-feira (15) o fogo chegou a avan\u00e7ar pela  rodovia  Transpantaneira, mas foi poss\u00edvel conter as chamas e evitar o  avan\u00e7o nas  casas do local. \u201cDividimos as equipes e conseguimos segurar o  fogo que  pulou a Transpantaneira e proteger as resid\u00eancias\u201d, explica o  chefe de  opera\u00e7\u00f5es Helder Marques.Segundo ele, a prioridade no momento  \u00e9 a prote\u00e7\u00e3o das propriedades.  \u201cEstamos tentando conter o inc\u00eandio de  maneira geral, mas sempre visando  proteger a comunidade\u201d.<\/p> <p><em>Fonte: Ag\u00eancia Brasil<\/em><\/p> <\/div><\/div><\/article><\/div><\/div><\/div><\/div><\/div><\/p>\n","protected":false},"excerpt":{"rendered":"<p>Equipes de brigadistas est\u00e3o intensificando as a\u00e7\u00f5es de combate aos inc\u00eandios que atingem o norte do Pantanal. Nesta quinta-feira (16),<\/p>\n","protected":false},"author":1,"featured_media":3621,"comment_status":"open","ping_status":"open","sticky":false,"template":"","format":"standard","meta":{"footnotes":""},"categories":[2],"tags":[],"class_list":["post-3620","post","type-post","status-publish","format-standard","has-post-thumbnail","hentry","category-noticias"],"_links":{"self":[{"href":"https:\/\/jornaloalvorada.com.br\/site\/wp-json\/wp\/v2\/posts\/3620","targetHints":{"allow":["GET"]}}],"collection":[{"href":"https:\/\/jornaloalvorada.com.br\/site\/wp-json\/wp\/v2\/posts"}],"about":[{"href":"https:\/\/jornaloalvorada.com.br\/site\/wp-json\/wp\/v2\/types\/post"}],"author":[{"embeddable":true,"href":"https:\/\/jornaloalvorada.com.br\/site\/wp-json\/wp\/v2\/users\/1"}],"replies":[{"embeddable":true,"href":"https:\/\/jornaloalvorada.com.br\/site\/wp-json\/wp\/v2\/comments?post=3620"}],"version-history":[{"count":1,"href":"https:\/\/jornaloalvorada.com.br\/site\/wp-json\/wp\/v2\/posts\/3620\/revisions"}],"predecessor-version":[{"id":3622,"href":"https:\/\/jornaloalvorada.com.br\/site\/wp-json\/wp\/v2\/posts\/3620\/revisions\/3622"}],"wp:featuredmedia":[{"embeddable":true,"href":"https:\/\/jornaloalvorada.com.br\/site\/wp-json\/wp\/v2\/media\/3621"}],"wp:attachment":[{"href":"https:\/\/jornaloalvorada.com.br\/site\/wp-json\/wp\/v2\/media?parent=3620"}],"wp:term":[{"taxonomy":"category","embeddable":true,"href":"https:\/\/jornaloalvorada.com.br\/site\/wp-json\/wp\/v2\/categories?post=3620"},{"taxonomy":"post_tag","embeddable":true,"href":"https:\/\/jornaloalvorada.com.br\/site\/wp-json\/wp\/v2\/tags?post=3620"}],"curies":[{"name":"wp","href":"https:\/\/api.w.org\/{rel}","templated":true}]}}