{"id":3606,"date":"2023-11-16T10:30:00","date_gmt":"2023-11-16T14:30:00","guid":{"rendered":"https:\/\/jornaloalvorada.com.br\/site\/?p=3606"},"modified":"2023-11-16T10:30:03","modified_gmt":"2023-11-16T14:30:03","slug":"mulher-vai-visitar-marido-detido-e-acaba-descobrindo-pinca-cirurgica-esquecida-dentro-do-corpo","status":"publish","type":"post","link":"https:\/\/jornaloalvorada.com.br\/site\/2023\/11\/16\/mulher-vai-visitar-marido-detido-e-acaba-descobrindo-pinca-cirurgica-esquecida-dentro-do-corpo\/","title":{"rendered":"Mulher vai visitar marido detido e acaba descobrindo pin\u00e7a cir\u00fargica esquecida dentro do corpo"},"content":{"rendered":"\n<p>A mulher de 27 anos que passou mais de dois meses com uma pin\u00e7a cir\u00fargica dentro do corpo descobriu que o objeto estava na regi\u00e3o p\u00e9lvica ao visitar o marido no Centro de Deten\u00e7\u00e3o Provis\u00f3ria (CDP) de S\u00e3o Jos\u00e9 do Rio Preto (SP).<\/p>\n\n\n\n<p>Segundo a sogra da mulher, o detector de metais do CDP indicou que ela estava com algo met\u00e1lico no corpo.<\/p>\n\n\n\n<p>&#8220;Deixaram ela falar com meu filho no parlat\u00f3rio pelo vidro (&#8230;) Foi bem constrangedor. O povo que estava na fila achou que tinha achado droga.&#8221;<\/p>\n\n\n\n<p>A sogra contou que, em setembro, a mulher fez uma cirurgia na Santa Casa de Ara\u00e7atuba (SP) para retirada de um feto que estava sendo gerado nas trompas uterinas &#8211; que s\u00e3o dois canais finos respons\u00e1veis pelo transporte do \u00f3vulo, desde o ov\u00e1rio at\u00e9 a cavidade uterina.<\/p>\n\n\n\n<p>Ap\u00f3s o epis\u00f3dio no CDP, a paciente foi at\u00e9 a Santa Casa, onde fizeram um exame de raio X e constataram que a pin\u00e7a estava dentro dela. A mulher foi internada novamente no hospital, na segunda-feira, para cirurgia de retirada do instrumento.<\/p>\n\n\n\n<p>A Santa Casa informou que a paciente est\u00e1 est\u00e1vel, depois de passar pelo procedimento. A administra\u00e7\u00e3o ainda refor\u00e7ou que vai apurar se os protocolos foram seguidos pela equipe que realizou a cirurgia de retirada do feto.<\/p>\n\n\n\n<p>&#8220;Ao final desta apura\u00e7\u00e3o, a dire\u00e7\u00e3o do hospital tomar\u00e1 as medidas necess\u00e1rias de responsabiliza\u00e7\u00e3o&#8221;, finaliza o hospital.<\/p>\n\n\n\n<p><strong>G1<\/strong><\/p>\n\n\n\n<p><em>FONTE: terrabrasilnoticias.com<\/em><\/p>\n","protected":false},"excerpt":{"rendered":"<p>A mulher de 27 anos que passou mais de dois meses com uma pin\u00e7a cir\u00fargica dentro do corpo descobriu que<\/p>\n","protected":false},"author":1,"featured_media":3607,"comment_status":"open","ping_status":"open","sticky":false,"template":"","format":"standard","meta":{"footnotes":""},"categories":[2],"tags":[],"class_list":["post-3606","post","type-post","status-publish","format-standard","has-post-thumbnail","hentry","category-noticias"],"_links":{"self":[{"href":"https:\/\/jornaloalvorada.com.br\/site\/wp-json\/wp\/v2\/posts\/3606","targetHints":{"allow":["GET"]}}],"collection":[{"href":"https:\/\/jornaloalvorada.com.br\/site\/wp-json\/wp\/v2\/posts"}],"about":[{"href":"https:\/\/jornaloalvorada.com.br\/site\/wp-json\/wp\/v2\/types\/post"}],"author":[{"embeddable":true,"href":"https:\/\/jornaloalvorada.com.br\/site\/wp-json\/wp\/v2\/users\/1"}],"replies":[{"embeddable":true,"href":"https:\/\/jornaloalvorada.com.br\/site\/wp-json\/wp\/v2\/comments?post=3606"}],"version-history":[{"count":1,"href":"https:\/\/jornaloalvorada.com.br\/site\/wp-json\/wp\/v2\/posts\/3606\/revisions"}],"predecessor-version":[{"id":3608,"href":"https:\/\/jornaloalvorada.com.br\/site\/wp-json\/wp\/v2\/posts\/3606\/revisions\/3608"}],"wp:featuredmedia":[{"embeddable":true,"href":"https:\/\/jornaloalvorada.com.br\/site\/wp-json\/wp\/v2\/media\/3607"}],"wp:attachment":[{"href":"https:\/\/jornaloalvorada.com.br\/site\/wp-json\/wp\/v2\/media?parent=3606"}],"wp:term":[{"taxonomy":"category","embeddable":true,"href":"https:\/\/jornaloalvorada.com.br\/site\/wp-json\/wp\/v2\/categories?post=3606"},{"taxonomy":"post_tag","embeddable":true,"href":"https:\/\/jornaloalvorada.com.br\/site\/wp-json\/wp\/v2\/tags?post=3606"}],"curies":[{"name":"wp","href":"https:\/\/api.w.org\/{rel}","templated":true}]}}