{"id":3603,"date":"2023-11-16T10:27:10","date_gmt":"2023-11-16T14:27:10","guid":{"rendered":"https:\/\/jornaloalvorada.com.br\/site\/?p=3603"},"modified":"2023-11-16T10:27:13","modified_gmt":"2023-11-16T14:27:13","slug":"pantanal-registra-2-387-focos-de-incendio-um-recorde-para-o-mes-de-novembro","status":"publish","type":"post","link":"https:\/\/jornaloalvorada.com.br\/site\/2023\/11\/16\/pantanal-registra-2-387-focos-de-incendio-um-recorde-para-o-mes-de-novembro\/","title":{"rendered":"Pantanal registra 2.387 focos de inc\u00eandio, um recorde para o m\u00eas de novembro"},"content":{"rendered":"\n<p>Em apenas 13 dias, o Pantanal j\u00e1 registra recorde de queimadas para o m\u00eas de novembro, ultrapassando em cinco vezes a m\u00e9dia registrada para o m\u00eas desde o come\u00e7o da medi\u00e7\u00e3o, h\u00e1 25 anos.<\/p>\n\n\n\n<p>At\u00e9 o momento foram 2.387 focos de inc\u00eandio registrados pelo Inpe (instituto nacional de pesquisas espaciais). Cerca de 800 mil hectares do bioma foram destru\u00eddos pelo fogo, mais da metade somente neste m\u00eas de novembro.<\/p>\n\n\n\n<figure class=\"wp-block-image\"><img decoding=\"async\" src=\"https:\/\/s2-g1.glbimg.com\/Y11fNbWdp8cCMmHiwSOk44GcZaI=\/0x0:1920x1080\/984x0\/smart\/filters:strip_icc()\/i.s3.glbimg.com\/v1\/AUTH_59edd422c0c84a879bd37670ae4f538a\/internal_photos\/bs\/2023\/k\/s\/IIkAP8S56iC6Vslcw8wg\/microsoftteams-image-4-.png\" alt=\"S\u00e3o 2.387 focos de inc\u00eandio no Pantanal, cinco vezes a m\u00e9dia para o m\u00eas de novembro. \u2014 Foto: Reprodu\u00e7\u00e3o\/Bom Dia Brasil\"\/><\/figure>\n\n\n\n<p>S\u00e3o 2.387 focos de inc\u00eandio no Pantanal, cinco vezes a m\u00e9dia para o m\u00eas de novembro. \u2014 Foto: Reprodu\u00e7\u00e3o\/Bom Dia Brasil<\/p>\n\n\n\n<p>Os principais focos est\u00e3o no Parque Estadual Encontro das \u00c1guas &#8211; considerado o maior ref\u00fagio de on\u00e7as-pintadas do mundo &#8211; e no Parque Nacional do Pantanal. O fogo chegou a ser controlado, mas retornou depois que raios atingiram o parque. A falta de chuva, as altas temperaturas e ventos fortes dificultam os trabalhos para apagar os inc\u00eandios.<\/p>\n\n\n\n<p>Nas \u00faltimas horas, mais 90 brigadistas do Ibama e do ICMBio refor\u00e7aram o combate \u00e0s chamas no Pantanal, segundo o Governo Federal. Agora, ao todo 299 servidores federais atuam no bioma com o apoio de aeronaves e embarca\u00e7\u00f5es.<\/p>\n\n\n\n<p><strong>Globo\/BDB<\/strong><\/p>\n\n\n\n<p><em>FONTE: terrabrasilnoticias.com<\/em><\/p>\n","protected":false},"excerpt":{"rendered":"<p>Em apenas 13 dias, o Pantanal j\u00e1 registra recorde de queimadas para o m\u00eas de novembro, ultrapassando em cinco vezes<\/p>\n","protected":false},"author":1,"featured_media":3604,"comment_status":"open","ping_status":"open","sticky":false,"template":"","format":"standard","meta":{"footnotes":""},"categories":[2],"tags":[],"class_list":["post-3603","post","type-post","status-publish","format-standard","has-post-thumbnail","hentry","category-noticias"],"_links":{"self":[{"href":"https:\/\/jornaloalvorada.com.br\/site\/wp-json\/wp\/v2\/posts\/3603","targetHints":{"allow":["GET"]}}],"collection":[{"href":"https:\/\/jornaloalvorada.com.br\/site\/wp-json\/wp\/v2\/posts"}],"about":[{"href":"https:\/\/jornaloalvorada.com.br\/site\/wp-json\/wp\/v2\/types\/post"}],"author":[{"embeddable":true,"href":"https:\/\/jornaloalvorada.com.br\/site\/wp-json\/wp\/v2\/users\/1"}],"replies":[{"embeddable":true,"href":"https:\/\/jornaloalvorada.com.br\/site\/wp-json\/wp\/v2\/comments?post=3603"}],"version-history":[{"count":1,"href":"https:\/\/jornaloalvorada.com.br\/site\/wp-json\/wp\/v2\/posts\/3603\/revisions"}],"predecessor-version":[{"id":3605,"href":"https:\/\/jornaloalvorada.com.br\/site\/wp-json\/wp\/v2\/posts\/3603\/revisions\/3605"}],"wp:featuredmedia":[{"embeddable":true,"href":"https:\/\/jornaloalvorada.com.br\/site\/wp-json\/wp\/v2\/media\/3604"}],"wp:attachment":[{"href":"https:\/\/jornaloalvorada.com.br\/site\/wp-json\/wp\/v2\/media?parent=3603"}],"wp:term":[{"taxonomy":"category","embeddable":true,"href":"https:\/\/jornaloalvorada.com.br\/site\/wp-json\/wp\/v2\/categories?post=3603"},{"taxonomy":"post_tag","embeddable":true,"href":"https:\/\/jornaloalvorada.com.br\/site\/wp-json\/wp\/v2\/tags?post=3603"}],"curies":[{"name":"wp","href":"https:\/\/api.w.org\/{rel}","templated":true}]}}