{"id":3600,"date":"2023-11-16T10:07:28","date_gmt":"2023-11-16T14:07:28","guid":{"rendered":"https:\/\/jornaloalvorada.com.br\/site\/?p=3600"},"modified":"2023-11-16T10:08:01","modified_gmt":"2023-11-16T14:08:01","slug":"onda-de-calor-tem-impacto-na-saude-do-coracao-entenda","status":"publish","type":"post","link":"https:\/\/jornaloalvorada.com.br\/site\/2023\/11\/16\/onda-de-calor-tem-impacto-na-saude-do-coracao-entenda\/","title":{"rendered":"Onda de calor tem impacto na sa\u00fade do cora\u00e7\u00e3o: entenda"},"content":{"rendered":"\n<p>Estamos vivendo uma onda de calor com sensa\u00e7\u00f5es t\u00e9rmicas a cima de 50\u00b0C. O calor extremo pode ter s\u00e9rias implica\u00e7\u00f5es para a sa\u00fade do cora\u00e7\u00e3o, especialmente em pessoas com doen\u00e7as cardiovasculares pr\u00e9-existentes.<a href=\"https:\/\/www.ncbi.nlm.nih.gov\/pmc\/articles\/PMC10303253\/\" target=\"_blank\" rel=\"noreferrer noopener\">Neste estudo lan\u00e7ado neste ano de 2023<\/a>, \u00e9 examinada a rela\u00e7\u00e3o entre o calor e as principais causas de doen\u00e7as cardiovasculares, bem como os mecanismos fisiol\u00f3gicos propostos para o efeito delet\u00e9rio do calor no cora\u00e7\u00e3o. Estudos epidemiol\u00f3gicos mostraram que o calor pode resultar em:<\/p>\n\n\n\n<ul class=\"wp-block-list\">\n<li>Doen\u00e7a card\u00edaca isqu\u00eamica;<\/li>\n\n\n\n<li>Acidente vascular cerebral;<\/li>\n\n\n\n<li>Insufici\u00eancia card\u00edaca;<\/li>\n\n\n\n<li>Arritmia.<\/li>\n<\/ul>\n\n\n\n<p>Entretanto, a aus\u00eancia de orienta\u00e7\u00e3o cl\u00ednica sobre como gerir doen\u00e7as card\u00edacas durante eventos de calor real\u00e7a a necessidade de os cardiologistas e outros profissionais de sa\u00fade liderarem a abordagem da rela\u00e7\u00e3o cr\u00edtica entre o aquecimento do clima e a sa\u00fade.<\/p>\n\n\n\n<p>Definir o que s\u00e3o consideradas temperaturas extremas \u00e9 importante para estudar epidemiologicamente o efeito da temperatura nas doen\u00e7as cardiovasculares. Atualmente, n\u00e3o existe um valor certo de temperatura Celsius que possa ser definido como temperatura extrema em todos os lugares: o impacto da temperatura ser\u00e1 diferente dependendo da regi\u00e3o e da \u00e9poca do ano. Por exemplo, um evento de temperatura extrema, digamos um dia de 40\u00b0C, pode ter implica\u00e7\u00f5es diferentes para a sa\u00fade, dependendo de onde e quando ocorre: uma temperatura de 40\u00b0C no Kuwait \u00e9 um dia t\u00edpico de ver\u00e3o, enquanto uma temperatura de 40\u00b0C em Londres (observada no ver\u00e3o de 2022) pode resultar em danos generalizados e incalcul\u00e1veis.<\/p>\n\n\n\n<p>Quando dias extremamente quentes s\u00e3o sustentados por v\u00e1rios dias consecutivos, isso \u00e9 geralmente chamado de onda de calor.N\u00e3o h\u00e1 consenso para definir o que \u00e9 um corte de calor extremo e o que \u00e9 uma onda de calor.<\/p>\n\n\n\n<p>Os mecanismos que ligam temperaturas extremas a diferentes doen\u00e7as cardiovasculares est\u00e3o relacionados a:<\/p>\n\n\n\n<ul class=\"wp-block-list\">\n<li>Desidrata\u00e7\u00e3o;<\/li>\n\n\n\n<li>Hemoconcentra\u00e7\u00e3o;<\/li>\n\n\n\n<li>Hipercoagulabilidade;<\/li>\n\n\n\n<li>Ativa\u00e7\u00e3o simp\u00e1tica;<\/li>\n\n\n\n<li>Mediadores inflamat\u00f3rios.<\/li>\n<\/ul>\n\n\n\n<ul class=\"wp-block-list\">\n<li>Durante o calor extremo, h\u00e1 um aumento no fluxo sangu\u00edneo da pele para resfriar o corpo por meio da transpira\u00e7\u00e3o e da evapora\u00e7\u00e3o.<\/li>\n\n\n\n<li>Esta rea\u00e7\u00e3o fisiol\u00f3gica pode levar \u00e0 desidrata\u00e7\u00e3o, hemoconcentra\u00e7\u00e3o, estado de hipercoagulabilidade e dist\u00farbios eletrol\u00edticos.<\/li>\n\n\n\n<li>Estados de hipercoagulabilidade podem levar \u00e0 forma\u00e7\u00e3o de co\u00e1gulos, levando a eventos coron\u00e1rios agudos ou acidente vascular cerebral.<\/li>\n\n\n\n<li>Os dist\u00farbios eletrol\u00edticos podem desencadear diferentes tipos de arritmias. Eletr\u00f3litos, como s\u00f3dio, pot\u00e1ssio ou magn\u00e9sio, desempenham um papel vital na g\u00eanese do potencial de a\u00e7\u00e3o transmembrana e, portanto, o desequil\u00edbrio eletrol\u00edtico pode alterar os potenciais de a\u00e7\u00e3o dos mi\u00f3citos card\u00edacos, levando a arritmias.<\/li>\n\n\n\n<li>Al\u00e9m disso, a desidrata\u00e7\u00e3o pode ativar o sistema nervoso simp\u00e1tico, levando a um aumento da frequ\u00eancia card\u00edaca e das demandas metab\u00f3licas card\u00edacas.<\/li>\n\n\n\n<li>Em pacientes com DCV pr\u00e9-existente, isso pode causar incompatibilidade entre oferta e demanda, desencadeando eventos isqu\u00eamicos e at\u00e9 ruptura de placa, terminando em acidente vascular cerebral ou ataques card\u00edacos.<\/li>\n<\/ul>\n\n\n\n<p>Mecanismos semelhantes s\u00e3o respons\u00e1veis \u200b\u200bpelo impacto do calor nas exacerba\u00e7\u00f5es da insufici\u00eancia card\u00edaca. Al\u00e9m disso, os dados sugerem que a vasodilata\u00e7\u00e3o cut\u00e2nea e a sudorese respons\u00e1veis \u200b\u200bpelo ajuste ao calor extremo est\u00e3o prejudicadas em pacientes com insufici\u00eancia card\u00edaca. Estudos demonstram aumento prejudicado do fluxo sangu\u00edneo da pele induzido pelo calor em pacientes com insufici\u00eancia card\u00edaca. O mecanismo preciso por tr\u00e1s desse achado n\u00e3o \u00e9 bem compreendido.<\/p>\n\n\n\n<p>Al\u00e9m disso, um componente chave no tratamento da insufici\u00eancia card\u00edaca \u00e9 o uso de diur\u00e9ticos como furosemida, torsemida ou bumetanida, para promover o efeito natriur\u00e9tico ao inibir o sistema de cotransporte cloreto de s\u00f3dio na al\u00e7a de Henle. Isso pode exacerbar os estados de desidrata\u00e7\u00e3o e causar desequil\u00edbrios eletrol\u00edticos.<\/p>\n\n\n\n<p>No caso de insola\u00e7\u00e3o, a desidrata\u00e7\u00e3o e a ativa\u00e7\u00e3o simp\u00e1tica redirecionam o fluxo sangu\u00edneo para longe do intestino; esta diminui\u00e7\u00e3o no fluxo sangu\u00edneo intestinal leva \u00e0 isquemia intestinal e a um aumento na permeabilidade da membrana epitelial intestinal, permitindo que subst\u00e2ncias nocivas, entrem na corrente sangu\u00ednea. Isto desencadeia uma resposta imunit\u00e1ria sist\u00e9mica e avassaladora causando uma s\u00edndrome de resposta inflamat\u00f3ria sist\u00e9mica, ou SIRS. Al\u00e9m disso, o endot\u00e9lio vascular danificado provoca coagula\u00e7\u00e3o microvascular e fal\u00eancia de sistemas de m\u00faltiplos \u00f3rg\u00e3os, incluindo disfun\u00e7\u00e3o cardiovascular.<\/p>\n\n\n\n<p>Logo, \u00e9 mandat\u00f3rio que as pessoas se protejam do calor e que os eventos esportivos, incluindo jogos e competi\u00e7\u00f5es, adequem os hor\u00e1rios para a realidade local. Pois \u00e9 inadmiss\u00edvel o que vemos rotineiramente, como jogos de futebol da base acontecerem entre 11h e 15h, caracterizando uma grande neglig\u00eancia em rela\u00e7\u00e3o aos atletas.<\/p>\n\n\n\n<p><em>FONTE: terrabrasilnoticias.com<\/em><\/p>\n","protected":false},"excerpt":{"rendered":"<p>Estamos vivendo uma onda de calor com sensa\u00e7\u00f5es t\u00e9rmicas a cima de 50\u00b0C. O calor extremo pode ter s\u00e9rias implica\u00e7\u00f5es<\/p>\n","protected":false},"author":1,"featured_media":3602,"comment_status":"open","ping_status":"open","sticky":false,"template":"","format":"standard","meta":{"footnotes":""},"categories":[3],"tags":[],"class_list":["post-3600","post","type-post","status-publish","format-standard","has-post-thumbnail","hentry","category-social"],"_links":{"self":[{"href":"https:\/\/jornaloalvorada.com.br\/site\/wp-json\/wp\/v2\/posts\/3600","targetHints":{"allow":["GET"]}}],"collection":[{"href":"https:\/\/jornaloalvorada.com.br\/site\/wp-json\/wp\/v2\/posts"}],"about":[{"href":"https:\/\/jornaloalvorada.com.br\/site\/wp-json\/wp\/v2\/types\/post"}],"author":[{"embeddable":true,"href":"https:\/\/jornaloalvorada.com.br\/site\/wp-json\/wp\/v2\/users\/1"}],"replies":[{"embeddable":true,"href":"https:\/\/jornaloalvorada.com.br\/site\/wp-json\/wp\/v2\/comments?post=3600"}],"version-history":[{"count":1,"href":"https:\/\/jornaloalvorada.com.br\/site\/wp-json\/wp\/v2\/posts\/3600\/revisions"}],"predecessor-version":[{"id":3601,"href":"https:\/\/jornaloalvorada.com.br\/site\/wp-json\/wp\/v2\/posts\/3600\/revisions\/3601"}],"wp:featuredmedia":[{"embeddable":true,"href":"https:\/\/jornaloalvorada.com.br\/site\/wp-json\/wp\/v2\/media\/3602"}],"wp:attachment":[{"href":"https:\/\/jornaloalvorada.com.br\/site\/wp-json\/wp\/v2\/media?parent=3600"}],"wp:term":[{"taxonomy":"category","embeddable":true,"href":"https:\/\/jornaloalvorada.com.br\/site\/wp-json\/wp\/v2\/categories?post=3600"},{"taxonomy":"post_tag","embeddable":true,"href":"https:\/\/jornaloalvorada.com.br\/site\/wp-json\/wp\/v2\/tags?post=3600"}],"curies":[{"name":"wp","href":"https:\/\/api.w.org\/{rel}","templated":true}]}}