{"id":3597,"date":"2023-11-16T10:04:07","date_gmt":"2023-11-16T14:04:07","guid":{"rendered":"https:\/\/jornaloalvorada.com.br\/site\/?p=3597"},"modified":"2023-11-16T10:04:10","modified_gmt":"2023-11-16T14:04:10","slug":"preco-de-ar-condicionado-tem-a-maior-alta-em-3-anos-veja-como-escolher","status":"publish","type":"post","link":"https:\/\/jornaloalvorada.com.br\/site\/2023\/11\/16\/preco-de-ar-condicionado-tem-a-maior-alta-em-3-anos-veja-como-escolher\/","title":{"rendered":"Pre\u00e7o de ar-condicionado tem a maior alta em 3 anos; veja como escolher"},"content":{"rendered":"\n<p>O ar-condicionado pode ser um grande aliado do brasileiro em meio \u00e0 onda de calor que assola o pa\u00eds. Mas o consumidor que decidir comprar um novo aparelho agora pode se assustar com os pre\u00e7os. O custo do ar-condicionado subiu 6,09% de setembro para outubro e registrou a maior alta em tr\u00eas anos.<\/p>\n\n\n\n<p>A alta no per\u00edodo s\u00f3 \u00e9 inferior \u00e0 de outubro de 2020, quando os pre\u00e7os subiram 10,54% no intervalo de um m\u00eas, segundo o \u00cdndice Nacional de Pre\u00e7os ao Consumidor Amplo (IPCA), medido pelo IBGE. Com o item pesando mais bolso, o consumidor deve botar na balan\u00e7a quest\u00f5es como o custo do aparelho e a economia de energia a longo prazo. Para isso, o<strong>GLOBO ouviu especialistas para tirar as principais d\u00favidas. Veja a seguir como escolher o ar-condicionado ideal:<\/strong><\/p>\n\n\n\n<figure class=\"wp-block-image\"><img decoding=\"async\" src=\"https:\/\/s2-oglobo.glbimg.com\/d1F3s1ssZgjTzjavfyLZs0JTKTw=\/0x0:6216x4144\/984x0\/smart\/filters:strip_icc()\/i.s3.glbimg.com\/v1\/AUTH_da025474c0c44edd99332dddb09cabe8\/internal_photos\/bs\/2023\/P\/Y\/KC0ZjASkKmhiBhjwy0vA\/104361672-ec-exclusivo-rio-de-janeiro-rj-19-09-2023-venda-de-ar-condicionado-loja-do-ponto-na.jpg\" alt=\"Ar-condicionado split na loja do Ponto na rua Uruguaiana \u2014 Foto: Ana Branco \/ Ag\u00eancia O Globo\"\/><figcaption class=\"wp-element-caption\">Ar-condicionado split na loja do Ponto na rua Uruguaiana \u2014 Foto: Ana Branco \/ Ag\u00eancia O Globo<\/figcaption><\/figure>\n\n\n\n<p>Conhecido como um aparelho mais econ\u00f4mico e silencioso, o split tem duas partes separadas, uma que fica dentro de casa (o evaporador) e outra fora (condensador). Ainda que seja muito procurado, esse modelo demanda gasto maior com instala\u00e7\u00e3o, al\u00e9m de custar mais que outras op\u00e7\u00f5es.<\/p>\n\n\n\n<p><strong>E o pre\u00e7o?<\/strong>O split custa entre R$ 1.400 e R$ 2.400, variando de acordo com a pot\u00eancia. Os aparelhos de 9.000 BTUs, por exemplo, s\u00e3o mais baratos que os de 20.000 BTUs. Os modelos com a tecnologia inverter s\u00e3o os mais caros. Os pre\u00e7os tamb\u00e9m podem mudar de acordo com a marca e com a classifica\u00e7\u00e3o Procel (selo de efici\u00eancia energ\u00e9tica).<\/p>\n\n\n\n<h2 class=\"wp-block-heading\">Ar-condicionado de janela<\/h2>\n\n\n\n<figure class=\"wp-block-image\"><img decoding=\"async\" src=\"https:\/\/s2-oglobo.glbimg.com\/HvXTIOXbB9rNlHq2ILMEiIJNrIQ=\/0x0:6720x4480\/984x0\/smart\/filters:strip_icc()\/i.s3.glbimg.com\/v1\/AUTH_da025474c0c44edd99332dddb09cabe8\/internal_photos\/bs\/2023\/3\/a\/exyBNyRbSG1IPfiMunAQ\/104361670-ec-exclusivo-rio-de-janeiro-rj-19-09-2023-venda-de-ar-condicionado-loja-do-ponto-na.jpg\" alt=\"Ar-condicionado de janela na loja do Ponto na rua Uruguaiana \u2014 Foto: Ana Branco \/ Ag\u00eancia O Globo\"\/><figcaption class=\"wp-element-caption\">Ar-condicionado de janela na loja do Ponto na rua Uruguaiana \u2014 Foto: Ana Branco \/ Ag\u00eancia O Globo<\/figcaption><\/figure>\n\n\n\n<p>O modelo mais tradicional, que pode ser instalado em janelas ou cavidades na parede, ainda \u00e9 uma op\u00e7\u00e3o melhor em muitos casos.<\/p>\n\n\n\n<p><strong>Qual \u00e9 o pre\u00e7o?<\/strong>Varia entre R$ 1.200 e R$ 1.800, sendo que os mais baratos costumam ter a pot\u00eancia de 7.500 BTUs, enquanto os mais caros t\u00eam 10.000 BTUs.<\/p>\n\n\n\n<h2 class=\"wp-block-heading\">Ar-condicionado port\u00e1til<\/h2>\n\n\n\n<figure class=\"wp-block-image\"><img decoding=\"async\" src=\"https:\/\/s2-oglobo.glbimg.com\/0DpIG-wsZ47WYxzJ4n7w6r-xWxc=\/0x0:4256x6720\/984x0\/smart\/filters:strip_icc()\/i.s3.glbimg.com\/v1\/AUTH_da025474c0c44edd99332dddb09cabe8\/internal_photos\/bs\/2023\/V\/g\/QXiM6nQtW6xBRsm7GzKQ\/104361656-ec-exclusivo-rio-de-janeiro-rj-19-09-2023-venda-de-ar-condicionado-loja-do-ponto-na.jpg\" alt=\"Ar condicionado port\u00e1til na loja do Ponto na rua Uruguaiana. \u2014 Foto: Ana Branco \/ Ag\u00eancia O Globo\"\/><figcaption class=\"wp-element-caption\">Ar condicionado port\u00e1til na loja do Ponto na rua Uruguaiana. \u2014 Foto: Ana Branco \/ Ag\u00eancia O Globo<\/figcaption><\/figure>\n\n\n\n<p>Muito criticados por n\u00e3o serem t\u00e3o eficientes em abaixar a temperatura do ambiente, os aparelhos de ar-condicionado port\u00e1teis podem valer a pena por serem de f\u00e1cil instala\u00e7\u00e3o. O modelo j\u00e1 \u00e9 preparado para ser ligado normalmente na tomada, mas \u00e9 necess\u00e1rio garantir que o disjuntor ao qual a tomada est\u00e1 ligada suporte o ar-condicionado e outros equipamentos ligados ao circuito, pra n\u00e3o gerar sobrecarga e riscos para o local.<\/p>\n\n\n\n<p><strong>E o pre\u00e7o?<\/strong>Esse modelo possui os pre\u00e7os mais altos em compara\u00e7\u00e3o com os outros, variando entre R$ 1.800 e R$ 2.900.<\/p>\n\n\n\n<h2 class=\"wp-block-heading\">Dicas para uso do ar-condicionado:<\/h2>\n\n\n\n<ul class=\"wp-block-list\">\n<li>Mantenha o filtro sempre limpo e o termostato regulado;<\/li>\n\n\n\n<li>Mantenha portas e janelas bem fechadas;<\/li>\n\n\n\n<li>Feche as cortinas pra n\u00e3o ter incid\u00eancia de sol dentro do ambiente;<\/li>\n\n\n\n<li>Proteja da exposi\u00e7\u00e3o ao sol a parte externa do ar-condicionado;<\/li>\n\n\n\n<li>N\u00e3o bloqueie a grade de ventila\u00e7\u00e3o do aparelho;<\/li>\n\n\n\n<li>Instale o aparelho sempre no alto, j\u00e1 que a tend\u00eancia \u00e9 o ar quente subir e o ar frio descer;<\/li>\n\n\n\n<li>N\u00e3o use em temperatura muito baixa, mantendo sempre entre 20\u00ba e 24\u00ba;<\/li>\n<\/ul>\n\n\n\n<p><em>FONTE: terrabrasilnoticias.com<\/em><\/p>\n","protected":false},"excerpt":{"rendered":"<p>O ar-condicionado pode ser um grande aliado do brasileiro em meio \u00e0 onda de calor que assola o pa\u00eds. Mas<\/p>\n","protected":false},"author":1,"featured_media":3598,"comment_status":"open","ping_status":"open","sticky":false,"template":"","format":"standard","meta":{"footnotes":""},"categories":[2],"tags":[],"class_list":["post-3597","post","type-post","status-publish","format-standard","has-post-thumbnail","hentry","category-noticias"],"_links":{"self":[{"href":"https:\/\/jornaloalvorada.com.br\/site\/wp-json\/wp\/v2\/posts\/3597","targetHints":{"allow":["GET"]}}],"collection":[{"href":"https:\/\/jornaloalvorada.com.br\/site\/wp-json\/wp\/v2\/posts"}],"about":[{"href":"https:\/\/jornaloalvorada.com.br\/site\/wp-json\/wp\/v2\/types\/post"}],"author":[{"embeddable":true,"href":"https:\/\/jornaloalvorada.com.br\/site\/wp-json\/wp\/v2\/users\/1"}],"replies":[{"embeddable":true,"href":"https:\/\/jornaloalvorada.com.br\/site\/wp-json\/wp\/v2\/comments?post=3597"}],"version-history":[{"count":1,"href":"https:\/\/jornaloalvorada.com.br\/site\/wp-json\/wp\/v2\/posts\/3597\/revisions"}],"predecessor-version":[{"id":3599,"href":"https:\/\/jornaloalvorada.com.br\/site\/wp-json\/wp\/v2\/posts\/3597\/revisions\/3599"}],"wp:featuredmedia":[{"embeddable":true,"href":"https:\/\/jornaloalvorada.com.br\/site\/wp-json\/wp\/v2\/media\/3598"}],"wp:attachment":[{"href":"https:\/\/jornaloalvorada.com.br\/site\/wp-json\/wp\/v2\/media?parent=3597"}],"wp:term":[{"taxonomy":"category","embeddable":true,"href":"https:\/\/jornaloalvorada.com.br\/site\/wp-json\/wp\/v2\/categories?post=3597"},{"taxonomy":"post_tag","embeddable":true,"href":"https:\/\/jornaloalvorada.com.br\/site\/wp-json\/wp\/v2\/tags?post=3597"}],"curies":[{"name":"wp","href":"https:\/\/api.w.org\/{rel}","templated":true}]}}