{"id":3589,"date":"2023-11-16T09:32:12","date_gmt":"2023-11-16T13:32:12","guid":{"rendered":"https:\/\/jornaloalvorada.com.br\/site\/?p=3589"},"modified":"2023-11-16T09:32:15","modified_gmt":"2023-11-16T13:32:15","slug":"feriado-de-15-de-novembro-e-marcado-por-manifestacoes-contra-o-governo-lula","status":"publish","type":"post","link":"https:\/\/jornaloalvorada.com.br\/site\/2023\/11\/16\/feriado-de-15-de-novembro-e-marcado-por-manifestacoes-contra-o-governo-lula\/","title":{"rendered":"Feriado de 15 de novembro \u00e9 marcado por manifesta\u00e7\u00f5es contra o governo Lula"},"content":{"rendered":"\n<p>Grupos de manifestantes protestaram contra o governo do presidente Luiz In\u00e1cio Lula da Silva (PT) em diversas cidades do Brasil no feriado de 15 de novembro. Eles pediram o impeachment do presidente, manifestaram apoio ao voto impresso nas pr\u00f3ximas elei\u00e7\u00f5es e defenderam a restri\u00e7\u00e3o dos poderes do Supremo Tribunal Federal. Al\u00e9m disso, alguns participantes expressaram apoio \u00e0 guerra contra o grupo terrorista Hamas levando bandeiras de Israel. As cidades onde ocorreram os atos incluem Bras\u00edlia, S\u00e3o Paulo, Rio de Janeiro, Curitiba, Goi\u00e2nia, Natal, Florian\u00f3polis, Cuiab\u00e1, Fortaleza, Recife, Belo Horizonte, Vit\u00f3ria e Salvador.<\/p>\n\n\n\n<p>Em S\u00e3o Paulo, os manifestantes se reuniram inicialmente na Avenida Paulista, mas enfrentaram dificuldades de mobiliza\u00e7\u00e3o devido a mudan\u00e7as de \u00faltima hora no local autorizado pela Pol\u00edcia Militar para a concentra\u00e7\u00e3o do ato. O protesto teve in\u00edcio por volta das 14h30.<\/p>\n\n\n\n<p>No Rio de Janeiro, centenas de manifestantes vestidos com as cores verde e amarelo se encontraram na orla da praia de Copacabana, pr\u00f3ximo \u00e0 rua Miguel Lemos. O ato come\u00e7ou por volta das 9h30. Alguns participantes do protesto reclamaram da a\u00e7\u00e3o da guarda municipal, que teria apreendido bandeiras de supostos vendedores irregulares.<\/p>\n\n\n\n<p>Em Belo Horizonte, a reuni\u00e3o aconteceu na Pra\u00e7a da Liberdade e tamb\u00e9m come\u00e7ou pela manh\u00e3. A principal reivindica\u00e7\u00e3o foi o fim do governo Lula.<\/p>\n\n\n\n<p>A manifesta\u00e7\u00e3o em Bras\u00edlia ocorreu no Eix\u00e3o, avenida que fica fechada nos feriados para lazer. Imagens divulgadas na rede social Twitter mostraram o desembargador aposentado Sebasti\u00e3o Coelho da Silva, que ficou famoso ao falar no julgamento dos r\u00e9us de 8 de janeiro que os ministros do STF s\u00e3o \u201cas pessoas mais odiadas deste pa\u00eds\u201d.<\/p>\n\n\n\n<p>Pol\u00edticos de direita restringiram sua participa\u00e7\u00e3o nos atos e n\u00e3o publicaram fotos ou refer\u00eancia aos protestos em suas redes sociais. A falta de participa\u00e7\u00e3o deles na prepara\u00e7\u00e3o dos atos teria enfraquecido as manifesta\u00e7\u00f5es.<\/p>\n\n\n\n<p>Gazeta Brasil<\/p>\n\n\n\n<p><em>FONTE: terrabrasilnoticias.com<\/em><\/p>\n","protected":false},"excerpt":{"rendered":"<p>Grupos de manifestantes protestaram contra o governo do presidente Luiz In\u00e1cio Lula da Silva (PT) em diversas cidades do Brasil<\/p>\n","protected":false},"author":1,"featured_media":3593,"comment_status":"open","ping_status":"open","sticky":false,"template":"","format":"standard","meta":{"footnotes":""},"categories":[2],"tags":[],"class_list":["post-3589","post","type-post","status-publish","format-standard","has-post-thumbnail","hentry","category-noticias"],"_links":{"self":[{"href":"https:\/\/jornaloalvorada.com.br\/site\/wp-json\/wp\/v2\/posts\/3589","targetHints":{"allow":["GET"]}}],"collection":[{"href":"https:\/\/jornaloalvorada.com.br\/site\/wp-json\/wp\/v2\/posts"}],"about":[{"href":"https:\/\/jornaloalvorada.com.br\/site\/wp-json\/wp\/v2\/types\/post"}],"author":[{"embeddable":true,"href":"https:\/\/jornaloalvorada.com.br\/site\/wp-json\/wp\/v2\/users\/1"}],"replies":[{"embeddable":true,"href":"https:\/\/jornaloalvorada.com.br\/site\/wp-json\/wp\/v2\/comments?post=3589"}],"version-history":[{"count":1,"href":"https:\/\/jornaloalvorada.com.br\/site\/wp-json\/wp\/v2\/posts\/3589\/revisions"}],"predecessor-version":[{"id":3594,"href":"https:\/\/jornaloalvorada.com.br\/site\/wp-json\/wp\/v2\/posts\/3589\/revisions\/3594"}],"wp:featuredmedia":[{"embeddable":true,"href":"https:\/\/jornaloalvorada.com.br\/site\/wp-json\/wp\/v2\/media\/3593"}],"wp:attachment":[{"href":"https:\/\/jornaloalvorada.com.br\/site\/wp-json\/wp\/v2\/media?parent=3589"}],"wp:term":[{"taxonomy":"category","embeddable":true,"href":"https:\/\/jornaloalvorada.com.br\/site\/wp-json\/wp\/v2\/categories?post=3589"},{"taxonomy":"post_tag","embeddable":true,"href":"https:\/\/jornaloalvorada.com.br\/site\/wp-json\/wp\/v2\/tags?post=3589"}],"curies":[{"name":"wp","href":"https:\/\/api.w.org\/{rel}","templated":true}]}}