{"id":3575,"date":"2023-11-14T09:07:18","date_gmt":"2023-11-14T13:07:18","guid":{"rendered":"https:\/\/jornaloalvorada.com.br\/site\/?p=3575"},"modified":"2023-11-14T09:07:19","modified_gmt":"2023-11-14T13:07:19","slug":"com-60-horas-de-programacao-festival-america-do-sul-chega-ao-fim-transpirando-arte-e-cultura","status":"publish","type":"post","link":"https:\/\/jornaloalvorada.com.br\/site\/2023\/11\/14\/com-60-horas-de-programacao-festival-america-do-sul-chega-ao-fim-transpirando-arte-e-cultura\/","title":{"rendered":"Com 60 horas de programa\u00e7\u00e3o, Festival Am\u00e9rica do Sul chega ao fim transpirando arte e cultura"},"content":{"rendered":"\n<p><div id=\"page\" class=\"hfeed site\"><div id=\"main\" class=\"clearfix\"><div class=\"inner-wrap clearfix\"><div id=\"primary\"><div id=\"content\" class=\"clearfix\"><article id=\"post-4001\" class=\"post-4001 post type-post status-publish format-standard has-post-thumbnail hentry category-cultura\"><div class=\"article-content clearfix\"><div class=\"entry-content clearfix\"><div id=\"single\"><div class=\"container\"><div class=\"row\"><div class=\"col-12  col-lg-8\"><div class=\"post-456446 post type-post status-publish format-standard has-post-thumbnail hentry category-cultura category-fas-2023 tag-destaque1\" id=\"post-456446\"><div class=\"entry\"><p>Durante  os quatro dias, o sol n\u00e3o deu tr\u00e9gua. O  calor, com temperaturas que  ultrapassaram a marca dos 40\u00baC, se manteve  mesmo ap\u00f3s o p\u00f4r do sol. Mas  isso n\u00e3o impediu Corumb\u00e1 de se transformar,  de 9 a 12 de novembro,  pela 17\u00aa vez, na capital da arte e da cultura da  Am\u00e9rica Latina.<\/p> <p>Resultado  do trabalho de cerca de 500 pessoas, o Festival Am\u00e9rica do  Sul contou  com 120 atra\u00e7\u00f5es e 15 horas di\u00e1rias de programa\u00e7\u00e3o  (totalizando 60 ao  longo de todo o evento). Teve teatro, dan\u00e7a,  literatura, artes visuais,  moda e muita m\u00fasica. Teve tanta coisa que  transpassou os limites de  Corumb\u00e1, com atividades em Lad\u00e1rio e at\u00e9 em  Puerto Suarez, na Bol\u00edvia.  Tudo p\u00fablico e gratuito.<\/p> <p>Durante a festa, 50 mil cora\u00e7\u00f5es latinos  bateram mais forte na Cidade  Branca, \u00e0s margens do Rio Paraguai. Assim  como no Festival de Inverno  de Bonito, as atra\u00e7\u00f5es contaram com  acessibilidade em todas suas formas:  com int\u00e9rpretes de libras, \u00e1rea  reservada para PcDs (Pessoas com  Defici\u00eancia) em frente ao palco e  atividades voltadas \u00e0 inclus\u00e3o.<\/p> <div id=\"gallery-1\" class=\"gallery galleryid-456446 gallery-columns-3 gallery-size-large\"><figure class=\"gallery-item\"> <div class=\"gallery-icon landscape\"> <a href=\"https:\/\/agenciadenoticias.ms.gov.br\/wp-content\/uploads\/2023\/11\/Festival-America-do-Sul-2023-Bruno-Rezende-04-1-scaled-1-scaled.jpg\"><img loading=\"lazy\" decoding=\"async\" width=\"1024\" height=\"682\" class=\"attachment-large size-large\" src=\"https:\/\/agenciadenoticias.ms.gov.br\/wp-content\/uploads\/2023\/11\/Festival-America-do-Sul-2023-Bruno-Rezende-04-1-scaled-1-1024x682.jpg\" alt=\"\"><\/a> <\/div><\/figure><figure class=\"gallery-item\"> <div class=\"gallery-icon landscape\"> <a href=\"https:\/\/agenciadenoticias.ms.gov.br\/wp-content\/uploads\/2023\/11\/Festival-America-do-Sul-2023-Bruno-Rezende-02.jpg\"><img loading=\"lazy\" decoding=\"async\" width=\"1024\" height=\"693\" class=\"attachment-large size-large\" src=\"https:\/\/agenciadenoticias.ms.gov.br\/wp-content\/uploads\/2023\/11\/Festival-America-do-Sul-2023-Bruno-Rezende-02-1024x693.jpg\" alt=\"\"><\/a> <\/div><\/figure><figure class=\"gallery-item\"> <div class=\"gallery-icon landscape\"> <a href=\"https:\/\/agenciadenoticias.ms.gov.br\/wp-content\/uploads\/2023\/11\/Festival-America-do-Sul-2023-Bruno-Rezende-03.jpg\"><img loading=\"lazy\" decoding=\"async\" width=\"1024\" height=\"702\" class=\"attachment-large size-large\" src=\"https:\/\/agenciadenoticias.ms.gov.br\/wp-content\/uploads\/2023\/11\/Festival-America-do-Sul-2023-Bruno-Rezende-03-1024x702.jpg\" alt=\"\"><\/a> <\/div><\/figure> <\/div> <p>As  grandes atra\u00e7\u00f5es do FAS 2023 ficaram por conta da m\u00fasica com os  shows  de Amado Batista (9\/11), Neguinho da Beija-Flor (10\/11), Criolo  (11\/11)  e Frejat (12\/11), al\u00e9m do Casar\u00e3o Cultural, com apresenta\u00e7\u00e3o de   m\u00fasicos de outros estados do Brasil, e a Catedral Erudita, com   espet\u00e1culos de Tet\u00ea Esp\u00edndola e Orquestra de Maestro Martinelli, da   Orquestra Ind\u00edgena e da Orquestra de C\u00e2mara de Santa Cruz (BOL).<\/p> <p>Teve  tamb\u00e9m espa\u00e7o para aqueles que, muitas vezes, n\u00e3o t\u00eam voz na   sociedade, com rap, hip hop e a tradicional Batalha do Porto,   completando com as outras apresenta\u00e7\u00f5es um verdadeiro passeio por   praticamente todos os estilos musicais, contando tamb\u00e9m com influ\u00eancias   africanas e muitos sons de Paraguai, Bol\u00edvia e Col\u00f4mbia, entre outros.<\/p> <p>Realizado  pelo Governo do Estado com a prefeitura de Corumb\u00e1, o  Festival Am\u00e9rica  do Sul se consolidou como um dos mais importantes de  Mato Grosso do  Sul. E o governador Eduardo Riedel assumiu o compromisso  de manter o  evento na cidade pantaneira. \u2018Esse Festival traz toda essa   caracter\u00edstica de integra\u00e7\u00e3o regional e n\u00e3o vai sair de Corumb\u00e1. O   Festival \u00e9 de Corumb\u00e1\u201d, ressaltou.<\/p> <div id=\"gallery-2\" class=\"gallery galleryid-456446 gallery-columns-2 gallery-size-large\"><figure class=\"gallery-item\"> <div class=\"gallery-icon landscape\"> <a href=\"https:\/\/agenciadenoticias.ms.gov.br\/wp-content\/uploads\/2023\/11\/Festival-America-do-Sul-2023-Neguinho-da-Beija-Flor-Bruno-Rezende.jpg\"><img loading=\"lazy\" decoding=\"async\" width=\"1024\" height=\"683\" class=\"attachment-large size-large\" src=\"https:\/\/agenciadenoticias.ms.gov.br\/wp-content\/uploads\/2023\/11\/Festival-America-do-Sul-2023-Neguinho-da-Beija-Flor-Bruno-Rezende-1024x683.jpg\" alt=\"\"><\/a> <\/div><\/figure><figure class=\"gallery-item\"> <div class=\"gallery-icon landscape\"> <a href=\"https:\/\/agenciadenoticias.ms.gov.br\/wp-content\/uploads\/2023\/11\/Festival-America-do-Sul-2023-Neguinho-da-Beija-Flor-Bruno-Rezende-01.jpg\"><img loading=\"lazy\" decoding=\"async\" width=\"1024\" height=\"683\" class=\"attachment-large size-large\" src=\"https:\/\/agenciadenoticias.ms.gov.br\/wp-content\/uploads\/2023\/11\/Festival-America-do-Sul-2023-Neguinho-da-Beija-Flor-Bruno-Rezende-01-1024x683.jpg\" alt=\"\"><\/a> <\/div><\/figure> <\/div> <p><em>Paulo Fernandes, Ascom FAS 2023<\/em> <em>Fotos<\/em><em>: Bruno Rezende<\/em><\/p> <\/div><\/div><\/div><\/div><\/div><\/div><\/div><\/div><\/article><\/div><\/div><\/div><\/div><\/div><\/p>\n","protected":false},"excerpt":{"rendered":"<p>Durante os quatro dias, o sol n\u00e3o deu tr\u00e9gua. O calor, com temperaturas que ultrapassaram a marca dos 40\u00baC, se<\/p>\n","protected":false},"author":1,"featured_media":3576,"comment_status":"open","ping_status":"open","sticky":false,"template":"","format":"standard","meta":{"footnotes":""},"categories":[2],"tags":[],"class_list":["post-3575","post","type-post","status-publish","format-standard","has-post-thumbnail","hentry","category-noticias"],"_links":{"self":[{"href":"https:\/\/jornaloalvorada.com.br\/site\/wp-json\/wp\/v2\/posts\/3575","targetHints":{"allow":["GET"]}}],"collection":[{"href":"https:\/\/jornaloalvorada.com.br\/site\/wp-json\/wp\/v2\/posts"}],"about":[{"href":"https:\/\/jornaloalvorada.com.br\/site\/wp-json\/wp\/v2\/types\/post"}],"author":[{"embeddable":true,"href":"https:\/\/jornaloalvorada.com.br\/site\/wp-json\/wp\/v2\/users\/1"}],"replies":[{"embeddable":true,"href":"https:\/\/jornaloalvorada.com.br\/site\/wp-json\/wp\/v2\/comments?post=3575"}],"version-history":[{"count":1,"href":"https:\/\/jornaloalvorada.com.br\/site\/wp-json\/wp\/v2\/posts\/3575\/revisions"}],"predecessor-version":[{"id":3577,"href":"https:\/\/jornaloalvorada.com.br\/site\/wp-json\/wp\/v2\/posts\/3575\/revisions\/3577"}],"wp:featuredmedia":[{"embeddable":true,"href":"https:\/\/jornaloalvorada.com.br\/site\/wp-json\/wp\/v2\/media\/3576"}],"wp:attachment":[{"href":"https:\/\/jornaloalvorada.com.br\/site\/wp-json\/wp\/v2\/media?parent=3575"}],"wp:term":[{"taxonomy":"category","embeddable":true,"href":"https:\/\/jornaloalvorada.com.br\/site\/wp-json\/wp\/v2\/categories?post=3575"},{"taxonomy":"post_tag","embeddable":true,"href":"https:\/\/jornaloalvorada.com.br\/site\/wp-json\/wp\/v2\/tags?post=3575"}],"curies":[{"name":"wp","href":"https:\/\/api.w.org\/{rel}","templated":true}]}}