{"id":3567,"date":"2023-11-13T14:34:01","date_gmt":"2023-11-13T18:34:01","guid":{"rendered":"https:\/\/jornaloalvorada.com.br\/site\/?p=3567"},"modified":"2023-11-13T14:34:04","modified_gmt":"2023-11-13T18:34:04","slug":"primeira-vacina-contra-chikungunya-e-aprovada","status":"publish","type":"post","link":"https:\/\/jornaloalvorada.com.br\/site\/2023\/11\/13\/primeira-vacina-contra-chikungunya-e-aprovada\/","title":{"rendered":"Primeira vacina contra chikungunya \u00e9 aprovada"},"content":{"rendered":"\n<p>A primeira vacina contra chikungunya foi aprovada pela ag\u00eancia regulat\u00f3ria norte-americana Food and Drug Administration (FDA) nesta sexta-feira (10).<\/p>\n\n\n\n<p>A vacina, de dose \u00fanica, vai ser comercializada como Ixchiq e \u00e9 indicada para pessoas com 18 anos ou mais que morem em regi\u00f5es expostas ao v\u00edrus &#8211; como \u00e9 o caso do Brasil. Ela cont\u00e9m uma vers\u00e3o viva e enfraquecida do v\u00edrus chikungunya.<\/p>\n\n\n\n<p>O imunizante aprovado \u00e9 do grupo Vanlneva, uma produtora de vacinas da \u00c1ustria. No Brasil, o Instituto Butantan tem parceria com a produtora.<\/p>\n\n\n\n<p>Procurado pelo g1, o Butantan informou que deve submeter \u00e0 Anvisa no primeiro semestre de 2024 um pedido de aprova\u00e7\u00e3o.<\/p>\n\n\n\n<p>Segundo o instituto, a pesquisa no Brasil est\u00e1 em &#8220;fase 3&#8221;, o que significa que est\u00e1 em est\u00e1gio avan\u00e7ado, com estudos cl\u00ednicos sendo realizados em pessoas. &#8220;Os resultados, esperados para breve, podem substanciar a amplia\u00e7\u00e3o da indica\u00e7\u00e3o da vacina para este grupo et\u00e1rio&#8221;, diz o Butantan.<\/p>\n\n\n\n<p>Dados americanos do ensaio cl\u00ednico de fase 3 publicados em junho na revista The Lancet mostraram que a vacina \u00e9 segura e induziu anticorpos em 98,9% dos participantes da pesquisa.<\/p>\n\n\n\n<p>&#8220;\u00c9 uma \u00f3tima not\u00edcia para todos. Estamos cada vez mais pr\u00f3ximos de oferecer uma vacina contra chikungunya para a popula\u00e7\u00e3o. O Butantan tem muito orgulho de participar ativamente deste processo de desenvolvimento&#8221;. \u2014 Esper Kall\u00e1s, diretor do Instituto Butantan.<\/p>\n\n\n\n<p>\u2757 Alerta: No Brasil, a chikungunya apareceu h\u00e1 dez anos e, nesse per\u00edodo, se espalhou por todos os estados, atingindo 60% dos munic\u00edpios brasileiros.<\/p>\n\n\n\n<p>\ud83e\udd12 Surtos: Nesse per\u00edodo de circula\u00e7\u00e3o pelo pa\u00eds, o v\u00edrus causou sete surtos. Eles atingiram o pico nos primeiros meses do ano, principalmente na \u00e9poca das chuvas.<\/p>\n\n\n\n<p>\ud83e\udd9f Transmiss\u00e3o: O v\u00edrus \u00e9 transmitido pelo mosquito Aedes aegypti, mesmo vetor da dengue e do zika v\u00edrus. Segundo o Minist\u00e9rio da Sa\u00fade, o pa\u00eds j\u00e1 registrou mais de 1,1 milh\u00e3o de casos com 909 mortes.<\/p>\n\n\n\n<p>\ud83d\udea8 N\u00fameros preocupantes: At\u00e9 meados do primeiro semestre deste ano, 53 mil casos prov\u00e1veis tinham sido registrados. A taxa representa um aumento de 98% em rela\u00e7\u00e3o ao n\u00famero de casos no mesmo per\u00edodo de 2022.<\/p>\n\n\n\n<p>\ud83d\ude32 De olho no Sudeste: A regi\u00e3o com a maior incid\u00eancia de casos \u00e9 o Sudeste, com 42,6 casos prov\u00e1veis por 100 mil habitantes.<\/p>\n\n\n\n<h4 class=\"wp-block-heading\">Testes da vacina<\/h4>\n\n\n\n<p>A seguran\u00e7a do Ixchiq foi avaliada em dois estudos cl\u00ednicos realizados na Am\u00e9rica do Norte, nos quais cerca de 3.500 participantes com 18 anos de idade ou mais receberam uma dose da vacina<\/p>\n\n\n\n<p>Em um deles, feito nos Estados Unidos, foi analisada a resposta imunol\u00f3gica de 266 participantes que receberam a vacina comparando com a resposta imunol\u00f3gica de 96 participantes que receberam placebo.<\/p>\n\n\n\n<p>O n\u00edvel de anticorpos avaliado nos participantes do estudo baseou-se em um n\u00edvel que demonstrou ser protetor em primatas n\u00e3o humanos que receberam sangue de pessoas vacinadas. Quase todos os participantes do estudo da vacina atingiram este n\u00edvel de anticorpos.<\/p>\n\n\n\n<p>A vacina foi aprovada usando o caminho de Aprova\u00e7\u00e3o Acelerada. Esse \u00e9 um caminho que permite que a FDA aprove certos produtos para condi\u00e7\u00f5es graves ou com risco de vida com base em evid\u00eancias da efic\u00e1cia de um produto que tem probabilidade razo\u00e1vel de prever benef\u00edcios cl\u00ednicos.<\/p>\n\n\n\n<p>Segundo a ag\u00eancia, ap\u00f3s a comercializa\u00e7\u00e3o, a empresa vai conduzir um estudo para avaliar o risco de rea\u00e7\u00f5es adversas graves semelhantes \u00e0 chikungunya ap\u00f3s a administra\u00e7\u00e3o de Ixchiq.<\/p>\n\n\n\n<p>Durante o estudo, duas pessoas foram hospitalizadas com sintomas da doen\u00e7a.<\/p>\n\n\n\n<p>No Brasil, segundo o Instituto Butantan afirmou que a vacina est\u00e1 sendo testada em 750 adolescentes brasileiros de 12 a 17 anos que residem em \u00e1reas end\u00eamicas nas cidades de S\u00e3o Paulo (SP), S\u00e3o Jos\u00e9 do Rio Preto (SP), Salvador (BA), Fortaleza (CE), Belo Horizonte (MG), Laranjeiras (SE), Recife (PE), Manaus (AM), Campo Grande (MS) e Boa Vista (RR).<\/p>\n\n\n\n<h4 class=\"wp-block-heading\">Como chikungunya \u00e9 transmitida e quais os sintomas<\/h4>\n\n\n\n<ul class=\"wp-block-list\">\n<li>Transmiss\u00e3o: pela picada da f\u00eamea do mosquito Aedes aegypti infectado.<\/li>\n\n\n\n<li>Sintomas: febre, dores intensas nas articula\u00e7\u00f5es, dores nas costas e pelo corpo, dor de cabe\u00e7a, erup\u00e7\u00e3o avermelhada na pele, n\u00e1useas e v\u00f4mitos, dor atr\u00e1s dos olhos e calafrios.<\/li>\n<\/ul>\n\n\n\n<p>Vale lembrar que a infec\u00e7\u00e3o tem uma fase aguda, marcada por febre, dor no corpo e fadiga. Por\u00e9m, numa parcela de pacientes, a doen\u00e7a evolui para a forma cr\u00f4nica, marcada por fortes dores nas articula\u00e7\u00f5es, que s\u00e3o incapacitantes e podem se prolongar por meses.<\/p>\n\n\n\n<p>O Butantan alerta que essas sequelas deixadas pela chikungunya deixam um impacto na sa\u00fade p\u00fablica.<\/p>\n\n\n\n<p>&#8220;Muitos desses casos ocorrem em pessoas jovens, que n\u00e3o conseguem mais nem trabalhar. Ent\u00e3o, essa arbovirose acaba tendo consequ\u00eancias n\u00e3o s\u00f3 na sa\u00fade, mas na economia&#8221;. \u2014 Fernanda Boulos, diretora m\u00e9dica do Butantan.<\/p>\n\n\n\n<h4 class=\"wp-block-heading\">Preven\u00e7\u00e3o<\/h4>\n\n\n\n<p>A principal forma de preven\u00e7\u00e3o atualmente \u00e9 o controle dos vetores, assim como no caso da dengue.<\/p>\n\n\n\n<p>Isso inclui esvaziar e limpar frequentemente recipientes com \u00e1gua parada, como vasos de plantas, baldes, pneus, garrafas pl\u00e1sticas, piscinas sem uso e sem manuten\u00e7\u00e3o, e descartar adequadamente o lixo.<\/p>\n\n\n\n<p><em>FONTE: terrabrasilnoticias.com<\/em><\/p>\n","protected":false},"excerpt":{"rendered":"<p>A primeira vacina contra chikungunya foi aprovada pela ag\u00eancia regulat\u00f3ria norte-americana Food and Drug Administration (FDA) nesta sexta-feira (10). A<\/p>\n","protected":false},"author":1,"featured_media":3568,"comment_status":"open","ping_status":"open","sticky":false,"template":"","format":"standard","meta":{"footnotes":""},"categories":[2],"tags":[],"class_list":["post-3567","post","type-post","status-publish","format-standard","has-post-thumbnail","hentry","category-noticias"],"_links":{"self":[{"href":"https:\/\/jornaloalvorada.com.br\/site\/wp-json\/wp\/v2\/posts\/3567","targetHints":{"allow":["GET"]}}],"collection":[{"href":"https:\/\/jornaloalvorada.com.br\/site\/wp-json\/wp\/v2\/posts"}],"about":[{"href":"https:\/\/jornaloalvorada.com.br\/site\/wp-json\/wp\/v2\/types\/post"}],"author":[{"embeddable":true,"href":"https:\/\/jornaloalvorada.com.br\/site\/wp-json\/wp\/v2\/users\/1"}],"replies":[{"embeddable":true,"href":"https:\/\/jornaloalvorada.com.br\/site\/wp-json\/wp\/v2\/comments?post=3567"}],"version-history":[{"count":1,"href":"https:\/\/jornaloalvorada.com.br\/site\/wp-json\/wp\/v2\/posts\/3567\/revisions"}],"predecessor-version":[{"id":3569,"href":"https:\/\/jornaloalvorada.com.br\/site\/wp-json\/wp\/v2\/posts\/3567\/revisions\/3569"}],"wp:featuredmedia":[{"embeddable":true,"href":"https:\/\/jornaloalvorada.com.br\/site\/wp-json\/wp\/v2\/media\/3568"}],"wp:attachment":[{"href":"https:\/\/jornaloalvorada.com.br\/site\/wp-json\/wp\/v2\/media?parent=3567"}],"wp:term":[{"taxonomy":"category","embeddable":true,"href":"https:\/\/jornaloalvorada.com.br\/site\/wp-json\/wp\/v2\/categories?post=3567"},{"taxonomy":"post_tag","embeddable":true,"href":"https:\/\/jornaloalvorada.com.br\/site\/wp-json\/wp\/v2\/tags?post=3567"}],"curies":[{"name":"wp","href":"https:\/\/api.w.org\/{rel}","templated":true}]}}