{"id":3533,"date":"2023-10-22T11:20:00","date_gmt":"2023-10-22T15:20:00","guid":{"rendered":"https:\/\/jornaloalvorada.com.br\/site\/?p=3533"},"modified":"2023-11-10T15:21:53","modified_gmt":"2023-11-10T19:21:53","slug":"fim-de-semana-termina-com-temperaturas-que-podem-atingir-43c-em-ms","status":"publish","type":"post","link":"https:\/\/jornaloalvorada.com.br\/site\/2023\/10\/22\/fim-de-semana-termina-com-temperaturas-que-podem-atingir-43c-em-ms\/","title":{"rendered":"Fim de semana termina com temperaturas que podem atingir 43\u00b0C em MS"},"content":{"rendered":"\n<p>A previs\u00e3o do Centro de Monitoramento do Tempo e do Clima para este domingo (22) indica tempo est\u00e1vel, com sol e temperaturas que podem atingir os 43\u00b0C. Isso ocorre devido a atua\u00e7\u00e3o de circula\u00e7\u00e3o anticicl\u00f4nica em m\u00e9dios n\u00edveis que favorece as altas temperaturas.<\/p>\n\n\n\n<p>Aliado ao calor, s\u00e3o previstos ainda baixos valores de umidade relativa do ar, que podem variar entre 10% e 30%. Por isso, recomenda-se beber bastante l\u00edquido, umidificar os ambientes e evitar exposi\u00e7\u00e3o ao sol nos hor\u00e1rios mais quentes e secos do dia.<\/p>\n\n\n\n<p>De acordo com o Cemtec, Campo Grande tem 25\u00b0C como m\u00ednima prevista e m\u00e1xima que pode atingir 37\u00b0C. Dourados marca inicialmente 24\u00b0C e chega aos 37\u00b0C ao longo do dia. Na regi\u00e3o Sul, Ponta Por\u00e3 tem m\u00ednima de 24\u00b0C e m\u00e1xima de 34\u00b0C, enquanto Iguatemi apresenta varia\u00e7\u00e3o entre 23\u00b0C e 35\u00b0C.<\/p>\n\n\n\n<p>No Leste do Estado, Anauril\u00e2ndia amanhece com 22\u00b0C e atinge 35\u00b0C. Na regi\u00e3o do Bols\u00e3o, Tr\u00eas Lagoas tem m\u00ednima de 23\u00b0C e m\u00e1xima de 38\u00b0C, j\u00e1 em Parana\u00edba as temperaturas variam entre 24\u00b0C e 39\u00b0C. No Norte, Coxim tem m\u00ednima de 28\u00b0C e m\u00e1xima de 43\u00b0C.<\/p>\n\n\n\n<p>Corumb\u00e1, na regi\u00e3o pantaneira, registra inicialmente 29\u00b0C e chega aos 42\u00b0C ao longo do dia. Aquidauana, na mesma regi\u00e3o, tem m\u00ednima de 27\u00b0C e m\u00e1xima de 42\u00b0C. No Sudoeste do Estado, Porto Murtinho inicia aos 29\u00b0C e atinge, assim como Coxim, a temperatura mais alta do final de semana, com 43\u00b0C.<\/p>\n\n\n\n<figure class=\"wp-block-image\"><a href=\"https:\/\/agenciadenoticias.ms.gov.br\/wp-content\/uploads\/2023\/10\/mapa-tempo-22-out.jpg\"><img decoding=\"async\" src=\"https:\/\/agenciadenoticias.ms.gov.br\/wp-content\/uploads\/2023\/10\/mapa-tempo-22-out.jpg\" alt=\"\" class=\"wp-image-454248\"\/><\/a><\/figure>\n\n\n\n<p><em>Heloisa Duim, do Programa de Est\u00e1gio Supervisionado<\/em><\/p>\n\n\n\n<p><em>Foto: Saul Schramm<\/em><\/p>\n","protected":false},"excerpt":{"rendered":"<p>A previs\u00e3o do Centro de Monitoramento do Tempo e do Clima para este domingo (22) indica tempo est\u00e1vel, com sol<\/p>\n","protected":false},"author":1,"featured_media":3535,"comment_status":"open","ping_status":"open","sticky":false,"template":"","format":"standard","meta":{"footnotes":""},"categories":[2],"tags":[],"class_list":["post-3533","post","type-post","status-publish","format-standard","has-post-thumbnail","hentry","category-noticias"],"_links":{"self":[{"href":"https:\/\/jornaloalvorada.com.br\/site\/wp-json\/wp\/v2\/posts\/3533","targetHints":{"allow":["GET"]}}],"collection":[{"href":"https:\/\/jornaloalvorada.com.br\/site\/wp-json\/wp\/v2\/posts"}],"about":[{"href":"https:\/\/jornaloalvorada.com.br\/site\/wp-json\/wp\/v2\/types\/post"}],"author":[{"embeddable":true,"href":"https:\/\/jornaloalvorada.com.br\/site\/wp-json\/wp\/v2\/users\/1"}],"replies":[{"embeddable":true,"href":"https:\/\/jornaloalvorada.com.br\/site\/wp-json\/wp\/v2\/comments?post=3533"}],"version-history":[{"count":1,"href":"https:\/\/jornaloalvorada.com.br\/site\/wp-json\/wp\/v2\/posts\/3533\/revisions"}],"predecessor-version":[{"id":3536,"href":"https:\/\/jornaloalvorada.com.br\/site\/wp-json\/wp\/v2\/posts\/3533\/revisions\/3536"}],"wp:featuredmedia":[{"embeddable":true,"href":"https:\/\/jornaloalvorada.com.br\/site\/wp-json\/wp\/v2\/media\/3535"}],"wp:attachment":[{"href":"https:\/\/jornaloalvorada.com.br\/site\/wp-json\/wp\/v2\/media?parent=3533"}],"wp:term":[{"taxonomy":"category","embeddable":true,"href":"https:\/\/jornaloalvorada.com.br\/site\/wp-json\/wp\/v2\/categories?post=3533"},{"taxonomy":"post_tag","embeddable":true,"href":"https:\/\/jornaloalvorada.com.br\/site\/wp-json\/wp\/v2\/tags?post=3533"}],"curies":[{"name":"wp","href":"https:\/\/api.w.org\/{rel}","templated":true}]}}