{"id":3521,"date":"2023-11-10T14:24:39","date_gmt":"2023-11-10T18:24:39","guid":{"rendered":"https:\/\/jornaloalvorada.com.br\/site\/?p=3521"},"modified":"2023-11-10T16:13:06","modified_gmt":"2023-11-10T20:13:06","slug":"agora-governo-lula-anuncia-retomada-do-imposto-de-importacao-de-veiculos-eletricos-e-hibridos","status":"publish","type":"post","link":"https:\/\/jornaloalvorada.com.br\/site\/2023\/11\/10\/agora-governo-lula-anuncia-retomada-do-imposto-de-importacao-de-veiculos-eletricos-e-hibridos\/","title":{"rendered":"AGORA: Governo Lula anuncia retomada do imposto de importa\u00e7\u00e3o de ve\u00edculos el\u00e9tricos e h\u00edbridos"},"content":{"rendered":"\n<p>Na tarde desta sexta-feira (10), o Minist\u00e9rio do Desenvolvimento, Ind\u00fastria, Com\u00e9rcio e Servi\u00e7os anunciou a retomada na cobran\u00e7a de tributos na importa\u00e7\u00e3o de autom\u00f3veis el\u00e9tricos e h\u00edbridos comprados fora do Brasil.<\/p>\n\n\n\n<p>De acordo com o Governo Lula, a taxa\u00e7\u00e3o voltar\u00e1 de forma gradual.O ministro e vice-presidente, Geraldo Alckmin, disse que a medida tem o objetivo de estimular a descarboniza\u00e7\u00e3o da ind\u00fastria nacional.<\/p>\n\n\n\n<p>\u201c\u00c9 chegada a hora de o Brasil avan\u00e7ar, ampliando a efici\u00eancia energ\u00e9tica da frota, aumentando nossa competitividade internacional e impactando positivamente o meio ambiente e a sa\u00fade da popula\u00e7\u00e3o. O Brasil \u00e9 um dos principais mercados automobil\u00edsticos do mundo. Temos de estimular a ind\u00fastria nacional em dire\u00e7\u00e3o a todas as rotas tecnol\u00f3gicas que promovam a descarboniza\u00e7\u00e3o\u201d, afirmou.<\/p>\n\n\n\n<p>De acordo com o Governo Lula, para os carros h\u00edbridos, a al\u00edquota do imposto come\u00e7a com 12% em janeiro de 2024, passa a 25% em julho de 2024, a 30% em julho de 2025 e alcan\u00e7a os 35% em julho de 2026.<\/p>\n\n\n\n<p>Para os ve\u00edculos h\u00edbridos plug-in, ser\u00e3o 12% em janeiro, 20% em julho, 28% em 2025 e 35% em 2026.<\/p>\n\n\n\n<p>J\u00e1 para os totalmente el\u00e9tricos, a cobran\u00e7a come\u00e7a em 10%, passa a 18%, 25% e por \u00faltimo 35%.<\/p>\n\n\n\n<p>Segundo o Governo Lula, h\u00e1 ainda uma 4\u00aa categoria, a de autom\u00f3veis el\u00e9tricos para transporte de carga, que come\u00e7ar\u00e3o com taxa\u00e7\u00e3o de 20% em janeiro e chegar\u00e3o aos 35% em julho de 2024.<\/p>\n\n\n\n<p>Nesse caso dos autom\u00f3veis el\u00e9tricos para transporte de carga, a retomada da al\u00edquota cheia \u00e9 mais r\u00e1pida porque existe uma produ\u00e7\u00e3o nacional suficiente.<\/p>\n\n\n\n<p>Apesar da retomada, o Governo Lula vai manter o direito \u00e0 isen\u00e7\u00e3o para empresas que importarem at\u00e9 uma cota determinada.<\/p>\n\n\n\n<p><em>\u201cPara h\u00edbridos, as cotas ser\u00e3o de US$ 130 milh\u00f5es at\u00e9 julho de 2024; de US$ 97 milh\u00f5es at\u00e9 julho de 2025; e de US$ 43 milh\u00f5es at\u00e9 julho de 2026. Para h\u00edbridos plug-in, US$ 226 milh\u00f5es at\u00e9 julho de 2024, US$ 169 milh\u00f5es at\u00e9 julho de 2025 e de US$ 75 milh\u00f5es at\u00e9 julho de 2026. Para el\u00e9tricos, nas mesmas datas, respectivamente US$ 283 milh\u00f5es, US$ 226 milh\u00f5es e US$ 141 milh\u00f5es. Para os caminh\u00f5es el\u00e9tricos, US$ 20 milh\u00f5es, US$ 13 milh\u00f5es e US$ 6 milh\u00f5es\u201d<\/em>, explica a nota do minist\u00e9rio.<\/p>\n\n\n\n<p>Gazeta Brasil<\/p>\n\n\n\n<p><em>FONTE: terrabrasilnoticias.com<\/em><\/p>\n","protected":false},"excerpt":{"rendered":"<p>Na tarde desta sexta-feira (10), o Minist\u00e9rio do Desenvolvimento, Ind\u00fastria, Com\u00e9rcio e Servi\u00e7os anunciou a retomada na cobran\u00e7a de tributos<\/p>\n","protected":false},"author":1,"featured_media":3522,"comment_status":"open","ping_status":"open","sticky":false,"template":"","format":"standard","meta":{"footnotes":""},"categories":[2],"tags":[],"class_list":["post-3521","post","type-post","status-publish","format-standard","has-post-thumbnail","hentry","category-noticias"],"_links":{"self":[{"href":"https:\/\/jornaloalvorada.com.br\/site\/wp-json\/wp\/v2\/posts\/3521","targetHints":{"allow":["GET"]}}],"collection":[{"href":"https:\/\/jornaloalvorada.com.br\/site\/wp-json\/wp\/v2\/posts"}],"about":[{"href":"https:\/\/jornaloalvorada.com.br\/site\/wp-json\/wp\/v2\/types\/post"}],"author":[{"embeddable":true,"href":"https:\/\/jornaloalvorada.com.br\/site\/wp-json\/wp\/v2\/users\/1"}],"replies":[{"embeddable":true,"href":"https:\/\/jornaloalvorada.com.br\/site\/wp-json\/wp\/v2\/comments?post=3521"}],"version-history":[{"count":1,"href":"https:\/\/jornaloalvorada.com.br\/site\/wp-json\/wp\/v2\/posts\/3521\/revisions"}],"predecessor-version":[{"id":3523,"href":"https:\/\/jornaloalvorada.com.br\/site\/wp-json\/wp\/v2\/posts\/3521\/revisions\/3523"}],"wp:featuredmedia":[{"embeddable":true,"href":"https:\/\/jornaloalvorada.com.br\/site\/wp-json\/wp\/v2\/media\/3522"}],"wp:attachment":[{"href":"https:\/\/jornaloalvorada.com.br\/site\/wp-json\/wp\/v2\/media?parent=3521"}],"wp:term":[{"taxonomy":"category","embeddable":true,"href":"https:\/\/jornaloalvorada.com.br\/site\/wp-json\/wp\/v2\/categories?post=3521"},{"taxonomy":"post_tag","embeddable":true,"href":"https:\/\/jornaloalvorada.com.br\/site\/wp-json\/wp\/v2\/tags?post=3521"}],"curies":[{"name":"wp","href":"https:\/\/api.w.org\/{rel}","templated":true}]}}