{"id":3511,"date":"2023-11-10T13:30:53","date_gmt":"2023-11-10T17:30:53","guid":{"rendered":"https:\/\/jornaloalvorada.com.br\/site\/?p=3511"},"modified":"2023-11-10T16:11:03","modified_gmt":"2023-11-10T20:11:03","slug":"barraco-em-voo-da-tap-tem-troca-de-tapas-entre-passageiros-logo-apos-a-decolagem","status":"publish","type":"post","link":"https:\/\/jornaloalvorada.com.br\/site\/2023\/11\/10\/barraco-em-voo-da-tap-tem-troca-de-tapas-entre-passageiros-logo-apos-a-decolagem\/","title":{"rendered":"&#8216;Barraco&#8217; em voo da TAP tem troca de tapas entre passageiros logo ap\u00f3s a decolagem"},"content":{"rendered":"\n<p>Olha s\u00f3 o tamanho do susto dos passageiros que estavam em um voo da TAP Portugal, que partiu do Aeroporto Internacional do Rio, o Gale\u00e3o, \u00e0s 16h50 desta quarta-feira, em dire\u00e7\u00e3o \u00e0 Lisboa.<\/p>\n\n\n\n<p>Poucos minutos ap\u00f3s a decolagem, dois turistas \u2013 um de l\u00edngua francesa e outro de l\u00edngua russa \u2013 trocaram tapas na classe econ\u00f4mica. A suspeita \u00e9 de que um teria dado em cima da acompanhante do passageiro que se expressava em franc\u00eas.<\/p>\n\n\n\n<p>O clima ficou tenso, pois havia o temor de que a aeronave tivesse que retornar ao p\u00e1tio do Gale\u00e3o. Alguns minutos depois, os envolvidos foram remanejados de seus assentos iniciais e a situa\u00e7\u00e3o foi controlada.<\/p>\n\n\n\n<p><strong>O Globo<\/strong><\/p>\n\n\n\n<p><em>FONTE: terrabrasilnoticias.com<\/em><\/p>\n","protected":false},"excerpt":{"rendered":"<p>Olha s\u00f3 o tamanho do susto dos passageiros que estavam em um voo da TAP Portugal, que partiu do Aeroporto<\/p>\n","protected":false},"author":1,"featured_media":3512,"comment_status":"open","ping_status":"open","sticky":false,"template":"","format":"standard","meta":{"footnotes":""},"categories":[3],"tags":[],"class_list":["post-3511","post","type-post","status-publish","format-standard","has-post-thumbnail","hentry","category-social"],"_links":{"self":[{"href":"https:\/\/jornaloalvorada.com.br\/site\/wp-json\/wp\/v2\/posts\/3511","targetHints":{"allow":["GET"]}}],"collection":[{"href":"https:\/\/jornaloalvorada.com.br\/site\/wp-json\/wp\/v2\/posts"}],"about":[{"href":"https:\/\/jornaloalvorada.com.br\/site\/wp-json\/wp\/v2\/types\/post"}],"author":[{"embeddable":true,"href":"https:\/\/jornaloalvorada.com.br\/site\/wp-json\/wp\/v2\/users\/1"}],"replies":[{"embeddable":true,"href":"https:\/\/jornaloalvorada.com.br\/site\/wp-json\/wp\/v2\/comments?post=3511"}],"version-history":[{"count":1,"href":"https:\/\/jornaloalvorada.com.br\/site\/wp-json\/wp\/v2\/posts\/3511\/revisions"}],"predecessor-version":[{"id":3513,"href":"https:\/\/jornaloalvorada.com.br\/site\/wp-json\/wp\/v2\/posts\/3511\/revisions\/3513"}],"wp:featuredmedia":[{"embeddable":true,"href":"https:\/\/jornaloalvorada.com.br\/site\/wp-json\/wp\/v2\/media\/3512"}],"wp:attachment":[{"href":"https:\/\/jornaloalvorada.com.br\/site\/wp-json\/wp\/v2\/media?parent=3511"}],"wp:term":[{"taxonomy":"category","embeddable":true,"href":"https:\/\/jornaloalvorada.com.br\/site\/wp-json\/wp\/v2\/categories?post=3511"},{"taxonomy":"post_tag","embeddable":true,"href":"https:\/\/jornaloalvorada.com.br\/site\/wp-json\/wp\/v2\/tags?post=3511"}],"curies":[{"name":"wp","href":"https:\/\/api.w.org\/{rel}","templated":true}]}}