{"id":3508,"date":"2023-11-10T13:21:42","date_gmt":"2023-11-10T17:21:42","guid":{"rendered":"https:\/\/jornaloalvorada.com.br\/site\/?p=3508"},"modified":"2023-11-10T16:10:58","modified_gmt":"2023-11-10T20:10:58","slug":"leilao-da-receita-tem-iphones-por-r-1-mil-e-notebook-por-r-2-mil-veja-como-participar","status":"publish","type":"post","link":"https:\/\/jornaloalvorada.com.br\/site\/2023\/11\/10\/leilao-da-receita-tem-iphones-por-r-1-mil-e-notebook-por-r-2-mil-veja-como-participar\/","title":{"rendered":"Leil\u00e3o da Receita tem iPhones por R$ 1 mil e notebook por R$ 2 mil; veja como participar"},"content":{"rendered":"\n<p>A Receita Federal realiza, no pr\u00f3ximo dia 22, mais um leil\u00e3o p\u00fablico com cargas de mercadorias apreendidas ou abandonadas no Aeroporto de Guarulhos, em S\u00e3o Paulo.<\/p>\n\n\n\n<p>Os interessados podem dar lances para diversos produtos, entre aparelhos de celular, computadores, joias e pedras preciosas, utens\u00edlios dom\u00e9sticos, rel\u00f3gios, bolsas e uma s\u00e9rie de outros itens distribu\u00eddos em 149 lotes.<\/p>\n\n\n\n<p>Os lances devem ser feitos para os lotes fechados &#8211; ou seja, um conjunto de determinados itens. Os lotes mais baratos s\u00e3o os de n\u00famero 128 a 148, todos contendo um iPhone 12 cada, que podem ser comprados por valores a partir de R$ 1 mil.<\/p>\n\n\n\n<p>Tamb\u00e9m \u00e9 poss\u00edvel encontrar um notebook com valor m\u00ednimo de R$ 1.750, dispon\u00edvel no lote 41, al\u00e9m de outros itens de inform\u00e1tica a partir de R$ 2 mil.<\/p>\n\n\n\n<p>O lote mais caro \u00e9 o de n\u00famero 10, que pode ser arrematado por, no m\u00ednimo, R$ 1.050.000. Ele conta com um rel\u00f3gio de pulso de grife, da marca Richard Mille.<\/p>\n\n\n\n<p>As pessoas f\u00edsicas podem fazer lances para os lotes de n\u00fameros 11 a 60 e de 97 a 149. J\u00e1 as pessoas jur\u00eddicas podem apresentar propostas de compra para todos os lotes.<\/p>\n\n\n\n<p>As propostas de valor para o leil\u00e3o podem ser feitos de forma online at\u00e9 as 20h do dia 21 de novembro. A sess\u00e3o est\u00e1 prevista para come\u00e7ar \u00e0s 10h do dia 22, com a classifica\u00e7\u00e3o e ordena\u00e7\u00e3o das propostas e a partir das 11h os lances ser\u00e3o liberados.<\/p>\n\n\n\n<h5 class=\"wp-block-heading\">Quem pode participar do leil\u00e3o?<\/h5>\n\n\n\n<p>Pessoas f\u00edsicas podem participar do leil\u00e3o sob os seguintes crit\u00e9rios:<\/p>\n\n\n\n<ul class=\"wp-block-list\">\n<li>ser maior de 18 anos ou pessoa emancipada;<\/li>\n\n\n\n<li>ser inscrito no Cadastro de Pessoas F\u00edsica (CPF);<\/li>\n\n\n\n<li>ter selo de confiabilidade Prata ou Ouro no sistema de identidade digital do<a href=\"https:\/\/g1.globo.com\/tudo-sobre\/governo-federal\/\">Governo Federal<\/a>.<\/li>\n\n\n\n<li>J\u00e1 para pessoas jur\u00eddicas, os crit\u00e9rios s\u00e3o os seguintes:<\/li>\n\n\n\n<li>ter cadastro regular no Cadastro Nacional de Pessoas Jur\u00eddica (CNPJ);<\/li>\n\n\n\n<li>o respons\u00e1vel da empresa ou seu procurador precisa ter selo de confiabilidade Prata ou Ouro no sistema de identidade digital do Governo Federal.<\/li>\n<\/ul>\n\n\n\n<h5 class=\"wp-block-heading\">Como participar do leil\u00e3o?<\/h5>\n\n\n\n<p>Para participar do leil\u00e3o apresentando um lance, o interessado precisa seguir os seguintes passos:<\/p>\n\n\n\n<ul class=\"wp-block-list\">\n<li>entre 6 e 21 de novembro, observando os hor\u00e1rios estabelecidos pela Receita, acessar o Sistema de Leil\u00e3o Eletr\u00f4nico por meio do<a href=\"https:\/\/cav.receita.fazenda.gov.br\/ecac\/\" target=\"_blank\" rel=\"noreferrer noopener\">Centro Virtual de Atendimento ao Contribuinte (e-CAC)<\/a>;<\/li>\n\n\n\n<li>selecionar o edital do leil\u00e3o em quest\u00e3o, de n\u00famero 0817600\/04\/2023;<\/li>\n\n\n\n<li>escolher o lote em que se quer fazer o lance e clicar em &#8220;incluir proposta&#8221;;<\/li>\n\n\n\n<li>aceitar os termos e condi\u00e7\u00f5es apresentados pelo site da Receita;<\/li>\n\n\n\n<li>incluir o valor proposto (que, necessariamente, deve ser maior do que o valor m\u00ednimo estabelecido pela Receita), e salvar.<\/li>\n<\/ul>\n\n\n\n<p><strong>G1<\/strong><\/p>\n\n\n\n<p><em>FONTE: terrabrasilnoticias.com<\/em><\/p>\n","protected":false},"excerpt":{"rendered":"<p>A Receita Federal realiza, no pr\u00f3ximo dia 22, mais um leil\u00e3o p\u00fablico com cargas de mercadorias apreendidas ou abandonadas no<\/p>\n","protected":false},"author":1,"featured_media":3509,"comment_status":"open","ping_status":"open","sticky":false,"template":"","format":"standard","meta":{"footnotes":""},"categories":[2],"tags":[],"class_list":["post-3508","post","type-post","status-publish","format-standard","has-post-thumbnail","hentry","category-noticias"],"_links":{"self":[{"href":"https:\/\/jornaloalvorada.com.br\/site\/wp-json\/wp\/v2\/posts\/3508","targetHints":{"allow":["GET"]}}],"collection":[{"href":"https:\/\/jornaloalvorada.com.br\/site\/wp-json\/wp\/v2\/posts"}],"about":[{"href":"https:\/\/jornaloalvorada.com.br\/site\/wp-json\/wp\/v2\/types\/post"}],"author":[{"embeddable":true,"href":"https:\/\/jornaloalvorada.com.br\/site\/wp-json\/wp\/v2\/users\/1"}],"replies":[{"embeddable":true,"href":"https:\/\/jornaloalvorada.com.br\/site\/wp-json\/wp\/v2\/comments?post=3508"}],"version-history":[{"count":1,"href":"https:\/\/jornaloalvorada.com.br\/site\/wp-json\/wp\/v2\/posts\/3508\/revisions"}],"predecessor-version":[{"id":3510,"href":"https:\/\/jornaloalvorada.com.br\/site\/wp-json\/wp\/v2\/posts\/3508\/revisions\/3510"}],"wp:featuredmedia":[{"embeddable":true,"href":"https:\/\/jornaloalvorada.com.br\/site\/wp-json\/wp\/v2\/media\/3509"}],"wp:attachment":[{"href":"https:\/\/jornaloalvorada.com.br\/site\/wp-json\/wp\/v2\/media?parent=3508"}],"wp:term":[{"taxonomy":"category","embeddable":true,"href":"https:\/\/jornaloalvorada.com.br\/site\/wp-json\/wp\/v2\/categories?post=3508"},{"taxonomy":"post_tag","embeddable":true,"href":"https:\/\/jornaloalvorada.com.br\/site\/wp-json\/wp\/v2\/tags?post=3508"}],"curies":[{"name":"wp","href":"https:\/\/api.w.org\/{rel}","templated":true}]}}