{"id":3505,"date":"2023-11-10T13:20:27","date_gmt":"2023-11-10T17:20:27","guid":{"rendered":"https:\/\/jornaloalvorada.com.br\/site\/?p=3505"},"modified":"2023-11-10T16:02:42","modified_gmt":"2023-11-10T20:02:42","slug":"agora-bolsonaro-e-ovacionado-pelo-publico-em-mercado-no-espirito-santo","status":"publish","type":"post","link":"https:\/\/jornaloalvorada.com.br\/site\/2023\/11\/10\/agora-bolsonaro-e-ovacionado-pelo-publico-em-mercado-no-espirito-santo\/","title":{"rendered":"AGORA: Bolsonaro \u00e9 ovacionado pelo p\u00fablico em mercado no Esp\u00edrito Santo"},"content":{"rendered":"\n<p>O ex-presidente da Rep\u00fablica Jair Bolsonaro (PL) chegou ao Esp\u00edrito Santo no fim da tarde dessa quinta-feira (09).<\/p>\n\n\n\n<p>O primeiro compromisso do ex-presidente no Estado foi a visita a um restaurante na Praia do Canto, em Vit\u00f3ria, onde foi recebido e ovacionado por apoiadores. Na manh\u00e3 desta sexta, Bolsonaro visitou mercado na cidade de Viana. Veja abaixo:<\/p>\n\n\n\n<p>Esta \u00e9 a primeira vez que Bolsonaro volta ao Estado ap\u00f3s as elei\u00e7\u00f5es de 2022.<\/p>\n\n\n\n<p>Na agenda do ex-presidente em terras capixabas ainda est\u00e1 prevista, al\u00e9m de encontros com pol\u00edticos e apoiadores, a participa\u00e7\u00e3o dele em sess\u00e3o solene na Assembleia Legislativa do Estado (Ales), em Vit\u00f3ria, para receber homenagens, entre elas o T\u00edtulo de Cidad\u00e3o Esp\u00edrito-Santense e a comenda da Ordem do M\u00e9rito Domingos Martins.<\/p>\n\n\n\n<p>No roteiro de compromissos a serem cumpridos por Bolsonaro no Estado tamb\u00e9m consta a poss\u00edvel participa\u00e7\u00e3o do ex-presidente no Encontro do PL Mulher, em uma \u00e1rea de shows anexa ao aeroporto da Capital, do qual sua mulher, a ex-primeira-dama Michelle Bolsonaro (PL), participar\u00e1 como convidada.<\/p>\n\n\n\n<h5 class=\"wp-block-heading\">Veja a agenda de Bolsonaro no ES:<\/h5>\n\n\n\n<p>&#8211; Sexta-feira: \u00e0s 15h, o ex-presidente receber\u00e1 uma homenagem na Assembleia Legislativa do Estado.<\/p>\n\n\n\n<p>&#8211; S\u00e1bado: est\u00e1 prevista a participa\u00e7\u00e3o de Bolsonaro no Encontro do PL Mulher no Esp\u00edrito Santo, do qual tamb\u00e9m participa a ex-primeira-dama Michelle Bolsonaro. O evento ser\u00e1 realizado no Espa\u00e7o Patrick Ribeiro, \u00e0s 10h, em Vit\u00f3ria.<\/p>\n\n\n\n<p><em>Com informa\u00e7\u00f5es de Folha Vit\u00f3ria<\/em><\/p>\n\n\n\n<p><em>FONTE: terrabrasilnoticias.com<\/em><\/p>\n","protected":false},"excerpt":{"rendered":"<p>O ex-presidente da Rep\u00fablica Jair Bolsonaro (PL) chegou ao Esp\u00edrito Santo no fim da tarde dessa quinta-feira (09). O primeiro<\/p>\n","protected":false},"author":1,"featured_media":3506,"comment_status":"open","ping_status":"open","sticky":false,"template":"","format":"standard","meta":{"footnotes":""},"categories":[2],"tags":[],"class_list":["post-3505","post","type-post","status-publish","format-standard","has-post-thumbnail","hentry","category-noticias"],"_links":{"self":[{"href":"https:\/\/jornaloalvorada.com.br\/site\/wp-json\/wp\/v2\/posts\/3505","targetHints":{"allow":["GET"]}}],"collection":[{"href":"https:\/\/jornaloalvorada.com.br\/site\/wp-json\/wp\/v2\/posts"}],"about":[{"href":"https:\/\/jornaloalvorada.com.br\/site\/wp-json\/wp\/v2\/types\/post"}],"author":[{"embeddable":true,"href":"https:\/\/jornaloalvorada.com.br\/site\/wp-json\/wp\/v2\/users\/1"}],"replies":[{"embeddable":true,"href":"https:\/\/jornaloalvorada.com.br\/site\/wp-json\/wp\/v2\/comments?post=3505"}],"version-history":[{"count":1,"href":"https:\/\/jornaloalvorada.com.br\/site\/wp-json\/wp\/v2\/posts\/3505\/revisions"}],"predecessor-version":[{"id":3507,"href":"https:\/\/jornaloalvorada.com.br\/site\/wp-json\/wp\/v2\/posts\/3505\/revisions\/3507"}],"wp:featuredmedia":[{"embeddable":true,"href":"https:\/\/jornaloalvorada.com.br\/site\/wp-json\/wp\/v2\/media\/3506"}],"wp:attachment":[{"href":"https:\/\/jornaloalvorada.com.br\/site\/wp-json\/wp\/v2\/media?parent=3505"}],"wp:term":[{"taxonomy":"category","embeddable":true,"href":"https:\/\/jornaloalvorada.com.br\/site\/wp-json\/wp\/v2\/categories?post=3505"},{"taxonomy":"post_tag","embeddable":true,"href":"https:\/\/jornaloalvorada.com.br\/site\/wp-json\/wp\/v2\/tags?post=3505"}],"curies":[{"name":"wp","href":"https:\/\/api.w.org\/{rel}","templated":true}]}}