{"id":3502,"date":"2023-11-10T13:18:40","date_gmt":"2023-11-10T17:18:40","guid":{"rendered":"https:\/\/jornaloalvorada.com.br\/site\/?p=3502"},"modified":"2023-11-10T16:02:49","modified_gmt":"2023-11-10T20:02:49","slug":"reforma-tributaria-muda-regras-sobre-ipva-entenda","status":"publish","type":"post","link":"https:\/\/jornaloalvorada.com.br\/site\/2023\/11\/10\/reforma-tributaria-muda-regras-sobre-ipva-entenda\/","title":{"rendered":"Reforma Tribut\u00e1ria muda regras sobre IPVA; entenda"},"content":{"rendered":"\n<p>Aprovado na noite de quarta-feira (8) no Senado, o texto da proposta de emenda constitucional 45\/2019, que compreende a reforma tribut\u00e1ria sobre o consumo, tamb\u00e9m avan\u00e7ou sobre mat\u00e9rias que v\u00e3o al\u00e9m dos chamados impostos indiretos.<\/p>\n\n\n\n<p>O substitutivo prev\u00ea a cobran\u00e7a de Imposto sobre a Propriedade de Ve\u00edculos Automotores (IPVA) sobre ve\u00edculos aqu\u00e1ticos e a\u00e9reos e a possibilidade de o tributo ser progressivo de acordo com o tipo, o valor, a utiliza\u00e7\u00e3o e o impacto ambiental. Ficam de fora da cobran\u00e7a: 1) aeronaves agr\u00edcolas e de operador certificado para prestar servi\u00e7os a\u00e9reos a terceiros; 2) embarca\u00e7\u00f5es de pessoa jur\u00eddica que detenha outorga para prestar servi\u00e7os de transporte aquavi\u00e1rio ou de pessoa f\u00edsica ou jur\u00eddica que pratique pesca industrial, artesanal, cient\u00edfica ou de subsist\u00eancia; 3) plataformas suscet\u00edveis de se locomoverem na \u00e1gua por meios pr\u00f3prios; e 4) tratores e m\u00e1quinas agr\u00edcolas.<\/p>\n\n\n\n<p>No caso do Imposto de Transmiss\u00e3o Causa Mortis e Doa\u00e7\u00e3o (ITCMD), estabelece regra de progressividade em raz\u00e3o do quinh\u00e3o, do legado ou da doa\u00e7\u00e3o e n\u00e3o incidir\u00e1 sobre as transmiss\u00f5es e as doa\u00e7\u00f5es para as institui\u00e7\u00f5es sem fins lucrativos com finalidade de relev\u00e2ncia p\u00fablica e social, inclusive as organiza\u00e7\u00f5es assistenciais e beneficentes de entidades religiosas e institutos cient\u00edficos e tecnol\u00f3gicos. O texto determina, ainda, que a cobran\u00e7a do tributo compete ao Estado onde era domiciliado o de cujus, ou tiver domic\u00edlio o doador, ou ao Distrito Federal.<\/p>\n\n\n\n<p>Atendendo a uma demanda de prefeitos, o texto incluiu dispositivo que autoriza que o Poder Executivo local atualize a base de c\u00e1lculo do imposto por meio de decreto a partir de crit\u00e9rios gerais previstos em lei municipal, sem necessidade de delibera\u00e7\u00e3o por C\u00e2mara de Vereadores. Em outro aceno aos prefeitos, o texto tamb\u00e9m trouxe dispositivo que autoriza os munic\u00edpios e o DF a instituir contribui\u00e7\u00e3o para o custeio, expans\u00e3o e melhoria do servi\u00e7o de ilumina\u00e7\u00e3o p\u00fablica.<\/p>\n\n\n\n<p>A segunda etapa da reforma, que tratar\u00e1 dos impostos sobre a renda, dever\u00e1 ser encaminhada ao Congresso Nacional em at\u00e9 180 dias ap\u00f3s a promulga\u00e7\u00e3o deste primeiro texto, e o aumento de arrecada\u00e7\u00e3o ser\u00e1 utilizado para reduzir a tributa\u00e7\u00e3o incidente sobre a folha de pagamentos e sobre o consumo de bens e servi\u00e7os.<\/p>\n\n\n\n<p>No texto, tamb\u00e9m h\u00e1 determina\u00e7\u00e3o de prazo de 240 dias para o encaminhamento ao Poder Legislativo dos projetos de lei complementares mencionados na pe\u00e7a aprovada pelos parlamentares.<\/p>\n\n\n\n<p><strong>InfoMoney<\/strong><\/p>\n\n\n\n<p><em>FONTE: terrabrasilnoticias.com<\/em><\/p>\n","protected":false},"excerpt":{"rendered":"<p>Aprovado na noite de quarta-feira (8) no Senado, o texto da proposta de emenda constitucional 45\/2019, que compreende a reforma<\/p>\n","protected":false},"author":1,"featured_media":3503,"comment_status":"open","ping_status":"open","sticky":false,"template":"","format":"standard","meta":{"footnotes":""},"categories":[2],"tags":[],"class_list":["post-3502","post","type-post","status-publish","format-standard","has-post-thumbnail","hentry","category-noticias"],"_links":{"self":[{"href":"https:\/\/jornaloalvorada.com.br\/site\/wp-json\/wp\/v2\/posts\/3502","targetHints":{"allow":["GET"]}}],"collection":[{"href":"https:\/\/jornaloalvorada.com.br\/site\/wp-json\/wp\/v2\/posts"}],"about":[{"href":"https:\/\/jornaloalvorada.com.br\/site\/wp-json\/wp\/v2\/types\/post"}],"author":[{"embeddable":true,"href":"https:\/\/jornaloalvorada.com.br\/site\/wp-json\/wp\/v2\/users\/1"}],"replies":[{"embeddable":true,"href":"https:\/\/jornaloalvorada.com.br\/site\/wp-json\/wp\/v2\/comments?post=3502"}],"version-history":[{"count":1,"href":"https:\/\/jornaloalvorada.com.br\/site\/wp-json\/wp\/v2\/posts\/3502\/revisions"}],"predecessor-version":[{"id":3504,"href":"https:\/\/jornaloalvorada.com.br\/site\/wp-json\/wp\/v2\/posts\/3502\/revisions\/3504"}],"wp:featuredmedia":[{"embeddable":true,"href":"https:\/\/jornaloalvorada.com.br\/site\/wp-json\/wp\/v2\/media\/3503"}],"wp:attachment":[{"href":"https:\/\/jornaloalvorada.com.br\/site\/wp-json\/wp\/v2\/media?parent=3502"}],"wp:term":[{"taxonomy":"category","embeddable":true,"href":"https:\/\/jornaloalvorada.com.br\/site\/wp-json\/wp\/v2\/categories?post=3502"},{"taxonomy":"post_tag","embeddable":true,"href":"https:\/\/jornaloalvorada.com.br\/site\/wp-json\/wp\/v2\/tags?post=3502"}],"curies":[{"name":"wp","href":"https:\/\/api.w.org\/{rel}","templated":true}]}}