{"id":35,"date":"2023-01-31T15:52:24","date_gmt":"2023-01-31T18:52:24","guid":{"rendered":"https:\/\/jornaloalvorada.com.br\/site\/?p=35"},"modified":"2023-01-31T15:52:26","modified_gmt":"2023-01-31T18:52:26","slug":"governo-lula-aciona-agu-por-post-de-campeao-olimpico","status":"publish","type":"post","link":"https:\/\/jornaloalvorada.com.br\/site\/2023\/01\/31\/governo-lula-aciona-agu-por-post-de-campeao-olimpico\/","title":{"rendered":"Governo Lula aciona AGU por post de campe\u00e3o ol\u00edmpico"},"content":{"rendered":"\n<p>O jogador de v\u00f4lei e campe\u00e3o ol\u00edmpico Wallace Souza virou alvo da Advocacia-Geral da Uni\u00e3o (AGU) por uma postagem nas redes sociais na noite de segunda-feira 30. No Instagram, o atleta reagiu a um coment\u00e1rio de um seguidor e, em seguida, promoveu uma enquete na rede social, que foi apagada logo depois.<\/p>\n\n\n\n<p>Wallace, que atualmente defende o Cruzeiro, inicialmente postou uma foto com uma espingarda calibre 12 e abriu uma \u201ccaixinha de coment\u00e1rios\u201d para interagir com os seguidores. Um deles questionou: \u201cDaria um tiro na cara do Lula com essa 12?\u201d. Foi quando Wallace criou uma enquete. O jogador perguntou para os seguidores: \u201cAlgu\u00e9m faria isso?\u201d.<\/p>\n\n\n\n<p>A postagem foi compartilhada pelo ministro-chefe da Secretaria de Comunica\u00e7\u00e3o Social da Presid\u00eancia da Rep\u00fablica,&nbsp;<strong>Paulo Pimenta<\/strong>. \u201cJ\u00e1 acionei a AGU e vamos tomar todas as provid\u00eancias necess\u00e1rias\u201d, escreveu. Pimenta classificou o jogador como \u201cextremista\u201d e \u201cgolpista\u201d e afirmou que \u201cn\u00e3o vamos tolerar amea\u00e7as\u201d.<\/p>\n\n\n\n<p>O jogador de v\u00f4lei Wallace foi prata nas Olimp\u00edadas de Londres, em 2012, e ouro, no Rio de Janeiro, em 2016. Ele tamb\u00e9m ganhou tr\u00eas medalhas em mundiais e \u00e9 considerado um dos jogadores mais importantes do pa\u00eds nas \u00faltimas d\u00e9cadas. O jogador n\u00e3o se manifestou sobre o epis\u00f3dio.<\/p>\n\n\n\n<p><strong><em>Fonte: Terra Brasil Not\u00edcias<\/em><\/strong><\/p>\n","protected":false},"excerpt":{"rendered":"<p>O jogador de v\u00f4lei e campe\u00e3o ol\u00edmpico Wallace Souza virou alvo da Advocacia-Geral da Uni\u00e3o (AGU) por uma postagem nas<\/p>\n","protected":false},"author":1,"featured_media":36,"comment_status":"open","ping_status":"open","sticky":false,"template":"","format":"standard","meta":{"footnotes":""},"categories":[2],"tags":[],"class_list":["post-35","post","type-post","status-publish","format-standard","has-post-thumbnail","hentry","category-noticias"],"_links":{"self":[{"href":"https:\/\/jornaloalvorada.com.br\/site\/wp-json\/wp\/v2\/posts\/35","targetHints":{"allow":["GET"]}}],"collection":[{"href":"https:\/\/jornaloalvorada.com.br\/site\/wp-json\/wp\/v2\/posts"}],"about":[{"href":"https:\/\/jornaloalvorada.com.br\/site\/wp-json\/wp\/v2\/types\/post"}],"author":[{"embeddable":true,"href":"https:\/\/jornaloalvorada.com.br\/site\/wp-json\/wp\/v2\/users\/1"}],"replies":[{"embeddable":true,"href":"https:\/\/jornaloalvorada.com.br\/site\/wp-json\/wp\/v2\/comments?post=35"}],"version-history":[{"count":1,"href":"https:\/\/jornaloalvorada.com.br\/site\/wp-json\/wp\/v2\/posts\/35\/revisions"}],"predecessor-version":[{"id":37,"href":"https:\/\/jornaloalvorada.com.br\/site\/wp-json\/wp\/v2\/posts\/35\/revisions\/37"}],"wp:featuredmedia":[{"embeddable":true,"href":"https:\/\/jornaloalvorada.com.br\/site\/wp-json\/wp\/v2\/media\/36"}],"wp:attachment":[{"href":"https:\/\/jornaloalvorada.com.br\/site\/wp-json\/wp\/v2\/media?parent=35"}],"wp:term":[{"taxonomy":"category","embeddable":true,"href":"https:\/\/jornaloalvorada.com.br\/site\/wp-json\/wp\/v2\/categories?post=35"},{"taxonomy":"post_tag","embeddable":true,"href":"https:\/\/jornaloalvorada.com.br\/site\/wp-json\/wp\/v2\/tags?post=35"}],"curies":[{"name":"wp","href":"https:\/\/api.w.org\/{rel}","templated":true}]}}