{"id":3499,"date":"2023-11-10T13:16:42","date_gmt":"2023-11-10T17:16:42","guid":{"rendered":"https:\/\/jornaloalvorada.com.br\/site\/?p=3499"},"modified":"2023-11-10T16:02:55","modified_gmt":"2023-11-10T20:02:55","slug":"ultimo-minuto-fronteira-de-gaza-com-o-egito-e-fechada-antes-de-brasileiros-passarem","status":"publish","type":"post","link":"https:\/\/jornaloalvorada.com.br\/site\/2023\/11\/10\/ultimo-minuto-fronteira-de-gaza-com-o-egito-e-fechada-antes-de-brasileiros-passarem\/","title":{"rendered":"\u00daltimo Minuto: fronteira de Gaza com o Egito \u00e9 fechada antes de brasileiros passarem"},"content":{"rendered":"\n<p>A fronteira da Faixa de Gaza com o Egito voltou a fechar  totalmente a passagem de estrangeiros no meio da manh\u00e3 desta sexta (10),  no momento em que brasileiros aguardam a sa\u00edda do territ\u00f3rio. ]O grupo de 34 pessoas entre cidad\u00e3os com dupla nacionalidade e  parentes diretos foram inclu\u00eddos na lista de estrangeiros autorizados a  sa\u00edrem pelo governo de Israel no final da noite de quinta (9), e foram  transportados para a cidade de Rafah, na fronteira, nas primeiras horas  do dia.<\/p>\n\n\n\n<p>A travessia do grupo para o Egito estava prevista para ocorrer ainda  nesta sexta (10), o que deve atrasar com este novo fechamento.  Informa\u00e7\u00f5es preliminares apontam que apenas duas ambul\u00e2ncias com feridos  passaram pela fronteira, entre pelo menos uma dezena que estava  prevista para atravessar o posto de controle. O governo eg\u00edpcio n\u00e3o  informou o motivo do novo fechamento.<\/p>\n\n\n\n<p>No grupo de 34 brasileiros que poder\u00e3o deixar a Faixa de Gaza est\u00e1  Hasan Rabee, que registra todo o processo nas redes sociais e mostrou  algumas dessas pessoas dentro de um \u00f4nibus. Inicialmente, o grupo de  brasileiros era composto por 34 pessoas, mas a av\u00f3 de Shahed al-Banna,  jovem de 18 anos, n\u00e3o recebeu a autoriza\u00e7\u00e3o para deixar a Faixa de Gaza.<\/p>\n\n\n\n<p>H\u00e1 pelo menos quatro horas, o grupo estava em frente ao posto na  fronteira, conforme fotos do brasileiro nas redes sociais. \u201cJ\u00e1 estamos  na fronteira esperando a abertura para seguir viagem\u201d, escreve Rabee.  \u201cMais dif\u00edcil na minha vida \u00e9 deixar minha m\u00e3e e duas irm\u00e3s para viajar,  e elas est\u00e3o sem condi\u00e7\u00f5es de vida\u201d, compartilha ele.<\/p>\n\n\n\n<p>Rabee, inclusive, mostrou expectativa pela elabora\u00e7\u00e3o de uma segunda  lista de brasileiros a serem repatriados, como se tivesse sido algo  prometido pelo presidente Lula. \u201cEspero que essa segunda lista de  familiares saia logo, como prometeu o presidente\u201d, declarou nas redes  sociais, em um v\u00eddeo que abra\u00e7a a m\u00e3e.<\/p>\n\n\n\n<p><strong>Com informa\u00e7\u00f5es de Gazeta do Povo<\/strong>                                    <\/p>\n\n\n\n<p><em>FONTE: terrabrasilnoticias.com<\/em><\/p>\n","protected":false},"excerpt":{"rendered":"<p>A fronteira da Faixa de Gaza com o Egito voltou a fechar totalmente a passagem de estrangeiros no meio da<\/p>\n","protected":false},"author":1,"featured_media":3500,"comment_status":"open","ping_status":"open","sticky":false,"template":"","format":"standard","meta":{"footnotes":""},"categories":[2],"tags":[],"class_list":["post-3499","post","type-post","status-publish","format-standard","has-post-thumbnail","hentry","category-noticias"],"_links":{"self":[{"href":"https:\/\/jornaloalvorada.com.br\/site\/wp-json\/wp\/v2\/posts\/3499","targetHints":{"allow":["GET"]}}],"collection":[{"href":"https:\/\/jornaloalvorada.com.br\/site\/wp-json\/wp\/v2\/posts"}],"about":[{"href":"https:\/\/jornaloalvorada.com.br\/site\/wp-json\/wp\/v2\/types\/post"}],"author":[{"embeddable":true,"href":"https:\/\/jornaloalvorada.com.br\/site\/wp-json\/wp\/v2\/users\/1"}],"replies":[{"embeddable":true,"href":"https:\/\/jornaloalvorada.com.br\/site\/wp-json\/wp\/v2\/comments?post=3499"}],"version-history":[{"count":1,"href":"https:\/\/jornaloalvorada.com.br\/site\/wp-json\/wp\/v2\/posts\/3499\/revisions"}],"predecessor-version":[{"id":3501,"href":"https:\/\/jornaloalvorada.com.br\/site\/wp-json\/wp\/v2\/posts\/3499\/revisions\/3501"}],"wp:featuredmedia":[{"embeddable":true,"href":"https:\/\/jornaloalvorada.com.br\/site\/wp-json\/wp\/v2\/media\/3500"}],"wp:attachment":[{"href":"https:\/\/jornaloalvorada.com.br\/site\/wp-json\/wp\/v2\/media?parent=3499"}],"wp:term":[{"taxonomy":"category","embeddable":true,"href":"https:\/\/jornaloalvorada.com.br\/site\/wp-json\/wp\/v2\/categories?post=3499"},{"taxonomy":"post_tag","embeddable":true,"href":"https:\/\/jornaloalvorada.com.br\/site\/wp-json\/wp\/v2\/tags?post=3499"}],"curies":[{"name":"wp","href":"https:\/\/api.w.org\/{rel}","templated":true}]}}