{"id":3489,"date":"2023-11-09T18:47:17","date_gmt":"2023-11-09T22:47:17","guid":{"rendered":"https:\/\/jornaloalvorada.com.br\/site\/?p=3489"},"modified":"2023-11-10T16:02:36","modified_gmt":"2023-11-10T20:02:36","slug":"prefeito-paleari-assina-termo-de-fomento-de-210-mil-reais-com-a-cooperativa-de-catadores-de-materiais-reciclaveis","status":"publish","type":"post","link":"https:\/\/jornaloalvorada.com.br\/site\/2023\/11\/09\/prefeito-paleari-assina-termo-de-fomento-de-210-mil-reais-com-a-cooperativa-de-catadores-de-materiais-reciclaveis\/","title":{"rendered":"Prefeito Paleari assina termo de fomento de 210 mil reais com a Cooperativa de Catadores de Materiais Recicl\u00e1veis"},"content":{"rendered":"\n<p>&#8220;Hoje \u00e9 um dia muito importante, assinamos o termo de fomento no valor de 210 mil reais, com a Cooperativa de Catadores de Materiais Recicl\u00e1veis de Nova Alvorada do Sul e que contribuir\u00e1 muito com as fam\u00edlias cooperadas na COOPERNAS&#8221;. Afirma prefeito Jos\u00e9 Paulo Paleari.<\/p>\n\n\n\n<p>O Termo de Fomento, tem como objetivo a transfer\u00eancia de recursos financeiros \u00e0 Coopernas, para aux\u00edlio financeiro por parte da concedente para o recolhimento da guia de INSS dos cooperados e o saldo restante para o rateio igualit\u00e1rio entre os ativos do quadro social, em n\u00famero m\u00ednimo de 10(dez) e m\u00e1ximo de 20(vinte) cooperados, visando auxiliar as atividades de triagem, processamento e destina\u00e7\u00e3o final ambientalmente adequada do material recicl\u00e1vel, na Unidade de Triagem e\/ou<\/p>\n\n\n\n<p>Processamento de Res\u00edduos S\u00f3lidos Recicl\u00e1veis do munic\u00edpio de Nova Alvorada do Sul.<\/p>\n\n\n\n<p>Trabalho, Compromisso e Responsabilidade.<\/p>\n","protected":false},"excerpt":{"rendered":"<p>&#8220;Hoje \u00e9 um dia muito importante, assinamos o termo de fomento no valor de 210 mil reais, com a Cooperativa<\/p>\n","protected":false},"author":1,"featured_media":3490,"comment_status":"open","ping_status":"open","sticky":false,"template":"","format":"standard","meta":{"footnotes":""},"categories":[2],"tags":[],"class_list":["post-3489","post","type-post","status-publish","format-standard","has-post-thumbnail","hentry","category-noticias"],"_links":{"self":[{"href":"https:\/\/jornaloalvorada.com.br\/site\/wp-json\/wp\/v2\/posts\/3489","targetHints":{"allow":["GET"]}}],"collection":[{"href":"https:\/\/jornaloalvorada.com.br\/site\/wp-json\/wp\/v2\/posts"}],"about":[{"href":"https:\/\/jornaloalvorada.com.br\/site\/wp-json\/wp\/v2\/types\/post"}],"author":[{"embeddable":true,"href":"https:\/\/jornaloalvorada.com.br\/site\/wp-json\/wp\/v2\/users\/1"}],"replies":[{"embeddable":true,"href":"https:\/\/jornaloalvorada.com.br\/site\/wp-json\/wp\/v2\/comments?post=3489"}],"version-history":[{"count":1,"href":"https:\/\/jornaloalvorada.com.br\/site\/wp-json\/wp\/v2\/posts\/3489\/revisions"}],"predecessor-version":[{"id":3491,"href":"https:\/\/jornaloalvorada.com.br\/site\/wp-json\/wp\/v2\/posts\/3489\/revisions\/3491"}],"wp:featuredmedia":[{"embeddable":true,"href":"https:\/\/jornaloalvorada.com.br\/site\/wp-json\/wp\/v2\/media\/3490"}],"wp:attachment":[{"href":"https:\/\/jornaloalvorada.com.br\/site\/wp-json\/wp\/v2\/media?parent=3489"}],"wp:term":[{"taxonomy":"category","embeddable":true,"href":"https:\/\/jornaloalvorada.com.br\/site\/wp-json\/wp\/v2\/categories?post=3489"},{"taxonomy":"post_tag","embeddable":true,"href":"https:\/\/jornaloalvorada.com.br\/site\/wp-json\/wp\/v2\/tags?post=3489"}],"curies":[{"name":"wp","href":"https:\/\/api.w.org\/{rel}","templated":true}]}}