{"id":3486,"date":"2023-11-09T18:41:56","date_gmt":"2023-11-09T22:41:56","guid":{"rendered":"https:\/\/jornaloalvorada.com.br\/site\/?p=3486"},"modified":"2023-11-10T16:02:30","modified_gmt":"2023-11-10T20:02:30","slug":"cirurgioes-em-nova-york-anunciam-o-primeiro-transplante-de-olho-do-mundo","status":"publish","type":"post","link":"https:\/\/jornaloalvorada.com.br\/site\/2023\/11\/09\/cirurgioes-em-nova-york-anunciam-o-primeiro-transplante-de-olho-do-mundo\/","title":{"rendered":"Cirurgi\u00f5es em Nova York anunciam o primeiro transplante de olho do mundo"},"content":{"rendered":"\n<p>Cirurgi\u00f5es de Nova York anunciaram nesta quinta-feira (9) a realiza\u00e7\u00e3o do primeiro transplante de olho inteiro em um ser humano. Antes desse procedimento pioneiro, os m\u00e9dicos s\u00f3 realizavam transplante de c\u00f3rnea, a camada frontal transparente do olho.<\/p>\n\n\n\n<p>Nos seis meses desde a cirurgia, realizada durante um transplante de face parcial, o olho enxertado mostrou sinais importantes de sa\u00fade, incluindo vasos sangu\u00edneos funcionando bem e uma retina de apar\u00eancia promissora, de acordo com a equipe cir\u00fargica da NYU Langone Health.<\/p>\n\n\n\n<p>\u201cO simples fato de termos transplantado um olho \u00e9 um grande avan\u00e7o, algo que foi pensado durante s\u00e9culos, mas nunca foi realizado\u201d, disse Eduardo Rodriguez, que liderou a equipe.<\/p>\n\n\n\n<p>O paciente, Aaron James, \u00e9 um veterano militar de 46 anos do Arkansas que sobreviveu a um acidente el\u00e9trico de alta tens\u00e3o relacionado ao trabalho, que destruiu o lado esquerdo do rosto, o nariz, a boca e o olho esquerdo.<\/p>\n\n\n\n<p>Inicialmente, os m\u00e9dicos planejavam incluir o globo ocular como parte do transplante facial por raz\u00f5es est\u00e9ticas.<\/p>\n\n\n\n<p>\u201cSe ocorresse alguma forma de restaura\u00e7\u00e3o da vis\u00e3o, seria maravilhoso, mas o objetivo era que realiz\u00e1ssemos a opera\u00e7\u00e3o t\u00e9cnica e que o globo ocular sobrevivesse\u201d, disse Rodriquez.<br>Atualmente, o olho transplantado n\u00e3o se comunica com o c\u00e9rebro atrav\u00e9s do nervo \u00f3ptico. O transplante de um globo ocular vi\u00e1vel abre muitas novas possibilidades, mesmo que a vis\u00e3o n\u00e3o seja restaurada neste caso.<\/p>\n\n\n\n<p>Outras equipes est\u00e3o desenvolvendo formas de ligar redes de nervos no c\u00e9rebro a olhos cegos atrav\u00e9s da inser\u00e7\u00e3o de el\u00e9trodos, por exemplo, para permitir a vis\u00e3o.<\/p>\n\n\n\n<p>\u201cSe pudermos trabalhar com outros cientistas que est\u00e3o trabalhando em outros m\u00e9todos para restaurar a vis\u00e3o ou restaurar imagens do c\u00f3rtex visual, acho que estaremos um passo mais perto\u201d, disse Rodriguez.<\/p>\n\n\n\n<p>James, que manteve a vis\u00e3o do olho direito,<strong>sabia que talvez n\u00e3o recuperasse a vis\u00e3o do olho transplantado.<\/strong><\/p>\n\n\n\n<blockquote class=\"wp-block-quote is-layout-flow wp-block-quote-is-layout-flow\">\n<p>\u201cEu disse a eles: \u2018mesmo que eu n\u00e3o consiga ver\u2026 talvez pelo menos todos voc\u00eas possam aprender algo para ajudar a pr\u00f3xima pessoa\u2019. \u00c9 assim que voc\u00ea come\u00e7a. Espero que isso abra um novo caminho\u201d, disse.<\/p>\n<\/blockquote>\n\n\n\n<p>Rodriguez n\u00e3o descarta a possibilidade de o veterano militar recuperar a vis\u00e3o do olho transplantado.<\/p>\n\n\n\n<p>\u201cN\u00e3o creio que algu\u00e9m possa afirmar que ver\u00e1. Mas, da mesma forma, eles n\u00e3o podem alegar que ele n\u00e3o ver\u00e1\u201d, disse Rodriguez. \u201cNeste ponto, acho que estamos muito felizes com o resultado que conseguimos alcan\u00e7ar com uma opera\u00e7\u00e3o muito exigente tecnicamente.\u201d<\/p>\n\n\n\n<p>G1<\/p>\n\n\n\n<p><em>FONTE: terrabrasilnoticias.com<\/em><\/p>\n","protected":false},"excerpt":{"rendered":"<p>Cirurgi\u00f5es de Nova York anunciaram nesta quinta-feira (9) a realiza\u00e7\u00e3o do primeiro transplante de olho inteiro em um ser humano.<\/p>\n","protected":false},"author":1,"featured_media":3487,"comment_status":"open","ping_status":"open","sticky":false,"template":"","format":"standard","meta":{"footnotes":""},"categories":[2],"tags":[],"class_list":["post-3486","post","type-post","status-publish","format-standard","has-post-thumbnail","hentry","category-noticias"],"_links":{"self":[{"href":"https:\/\/jornaloalvorada.com.br\/site\/wp-json\/wp\/v2\/posts\/3486","targetHints":{"allow":["GET"]}}],"collection":[{"href":"https:\/\/jornaloalvorada.com.br\/site\/wp-json\/wp\/v2\/posts"}],"about":[{"href":"https:\/\/jornaloalvorada.com.br\/site\/wp-json\/wp\/v2\/types\/post"}],"author":[{"embeddable":true,"href":"https:\/\/jornaloalvorada.com.br\/site\/wp-json\/wp\/v2\/users\/1"}],"replies":[{"embeddable":true,"href":"https:\/\/jornaloalvorada.com.br\/site\/wp-json\/wp\/v2\/comments?post=3486"}],"version-history":[{"count":1,"href":"https:\/\/jornaloalvorada.com.br\/site\/wp-json\/wp\/v2\/posts\/3486\/revisions"}],"predecessor-version":[{"id":3488,"href":"https:\/\/jornaloalvorada.com.br\/site\/wp-json\/wp\/v2\/posts\/3486\/revisions\/3488"}],"wp:featuredmedia":[{"embeddable":true,"href":"https:\/\/jornaloalvorada.com.br\/site\/wp-json\/wp\/v2\/media\/3487"}],"wp:attachment":[{"href":"https:\/\/jornaloalvorada.com.br\/site\/wp-json\/wp\/v2\/media?parent=3486"}],"wp:term":[{"taxonomy":"category","embeddable":true,"href":"https:\/\/jornaloalvorada.com.br\/site\/wp-json\/wp\/v2\/categories?post=3486"},{"taxonomy":"post_tag","embeddable":true,"href":"https:\/\/jornaloalvorada.com.br\/site\/wp-json\/wp\/v2\/tags?post=3486"}],"curies":[{"name":"wp","href":"https:\/\/api.w.org\/{rel}","templated":true}]}}