{"id":3483,"date":"2023-11-09T18:38:29","date_gmt":"2023-11-09T22:38:29","guid":{"rendered":"https:\/\/jornaloalvorada.com.br\/site\/?p=3483"},"modified":"2023-11-10T16:02:25","modified_gmt":"2023-11-10T20:02:25","slug":"cidade-brasileira-e-eleita-cidade-mais-inteligente-do-mundo-em-evento-na-espanha","status":"publish","type":"post","link":"https:\/\/jornaloalvorada.com.br\/site\/2023\/11\/09\/cidade-brasileira-e-eleita-cidade-mais-inteligente-do-mundo-em-evento-na-espanha\/","title":{"rendered":"Cidade brasileira \u00e9 eleita cidade mais inteligente do mundo em evento na Espanha"},"content":{"rendered":"\n<p>Nesta quarta-feira (8), Curitiba, capital do Paran\u00e1, foi eleita a cidade mais inteligente do mundo no World Smart City Awards, pr\u00eamio concedido pela Fira Barcelona. A honraria \u00e9 considerada uma das principais do mundo nas \u00e1reas de inova\u00e7\u00e3o e cidades inteligentes.<\/p>\n\n\n\n<p>\u201cA Prefeitura de Curitiba tem implantado solu\u00e7\u00f5es para manter a constru\u00e7\u00e3o de uma cidade mais sustent\u00e1vel e inovadora, alinhada aos Objetivos do Desenvolvimento Sustent\u00e1vel (ODS) da Organiza\u00e7\u00e3o das Na\u00e7\u00f5es Unidas (ONU)\u201d, refor\u00e7ou o prefeito Rafael Greca.<\/p>\n\n\n\n<p>S\u00e3o avaliados quesitos como pol\u00edticas p\u00fablicas, programas, planejamento urbano, conectividade, sustentabilidade e a\u00e7\u00f5es de moderniza\u00e7\u00e3o.A capital paranaense foi a vencedora da categoria Cidades, em que concorreu contra Barranquilla (Col\u00f4mbia), Cascais (Portugal), Izmir (Turquia), Makati (Filipinas) e Sunderland (Reino Unido).<\/p>\n\n\n\n<p>O secret\u00e1rio estadual da Inova\u00e7\u00e3o, Moderniza\u00e7\u00e3o e Transforma\u00e7\u00e3o Digital, Marcelo Rangel, destacou o ecossistema de inova\u00e7\u00e3o da capital e do estado do Paran\u00e1: \u201cO Paran\u00e1 \u00e9 destaque nacional e internacional com cidades inteligentes, com diversos munic\u00edpios e ecossistemas de inova\u00e7\u00e3o sendo premiados. Isso \u00e9 fruto de um trabalho em conjunto, dos governos municipais e estadual, juntamente com o setor produtivo e sociedade civil\u201d.<\/p>\n\n\n\n<p>Neste ano, o Paran\u00e1 tamb\u00e9m foi eleito o estado mais inovador e sustent\u00e1vel do Brasil, segundo o ranking Bright Cities.<\/p>\n\n\n\n<p>CNN Brasil<\/p>\n\n\n\n<p><em>FONTE: terrabrasilnoticias.com<\/em><\/p>\n","protected":false},"excerpt":{"rendered":"<p>Nesta quarta-feira (8), Curitiba, capital do Paran\u00e1, foi eleita a cidade mais inteligente do mundo no World Smart City Awards,<\/p>\n","protected":false},"author":1,"featured_media":3484,"comment_status":"open","ping_status":"open","sticky":false,"template":"","format":"standard","meta":{"footnotes":""},"categories":[3],"tags":[],"class_list":["post-3483","post","type-post","status-publish","format-standard","has-post-thumbnail","hentry","category-social"],"_links":{"self":[{"href":"https:\/\/jornaloalvorada.com.br\/site\/wp-json\/wp\/v2\/posts\/3483","targetHints":{"allow":["GET"]}}],"collection":[{"href":"https:\/\/jornaloalvorada.com.br\/site\/wp-json\/wp\/v2\/posts"}],"about":[{"href":"https:\/\/jornaloalvorada.com.br\/site\/wp-json\/wp\/v2\/types\/post"}],"author":[{"embeddable":true,"href":"https:\/\/jornaloalvorada.com.br\/site\/wp-json\/wp\/v2\/users\/1"}],"replies":[{"embeddable":true,"href":"https:\/\/jornaloalvorada.com.br\/site\/wp-json\/wp\/v2\/comments?post=3483"}],"version-history":[{"count":1,"href":"https:\/\/jornaloalvorada.com.br\/site\/wp-json\/wp\/v2\/posts\/3483\/revisions"}],"predecessor-version":[{"id":3485,"href":"https:\/\/jornaloalvorada.com.br\/site\/wp-json\/wp\/v2\/posts\/3483\/revisions\/3485"}],"wp:featuredmedia":[{"embeddable":true,"href":"https:\/\/jornaloalvorada.com.br\/site\/wp-json\/wp\/v2\/media\/3484"}],"wp:attachment":[{"href":"https:\/\/jornaloalvorada.com.br\/site\/wp-json\/wp\/v2\/media?parent=3483"}],"wp:term":[{"taxonomy":"category","embeddable":true,"href":"https:\/\/jornaloalvorada.com.br\/site\/wp-json\/wp\/v2\/categories?post=3483"},{"taxonomy":"post_tag","embeddable":true,"href":"https:\/\/jornaloalvorada.com.br\/site\/wp-json\/wp\/v2\/tags?post=3483"}],"curies":[{"name":"wp","href":"https:\/\/api.w.org\/{rel}","templated":true}]}}