{"id":3477,"date":"2023-11-09T18:31:37","date_gmt":"2023-11-09T22:31:37","guid":{"rendered":"https:\/\/jornaloalvorada.com.br\/site\/?p=3477"},"modified":"2023-11-10T16:02:18","modified_gmt":"2023-11-10T20:02:18","slug":"transparencia-e-seriedade-nova-alvorada-do-sul-se-destaca-no-ms-com-indices-de-gestao-fiscal-divulgados-pela-firjan","status":"publish","type":"post","link":"https:\/\/jornaloalvorada.com.br\/site\/2023\/11\/09\/transparencia-e-seriedade-nova-alvorada-do-sul-se-destaca-no-ms-com-indices-de-gestao-fiscal-divulgados-pela-firjan\/","title":{"rendered":"Transpar\u00eancia e seriedade: Nova Alvorada do Sul se destaca no MS com \u00edndices de Gest\u00e3o Fiscal, divulgados pela FIRJAN"},"content":{"rendered":"\n<p>O munic\u00edpio de Nova Alvorada do Sul se destacou no mais recente levantamento do Instituto FIRJAN (Federa\u00e7\u00e3o das Ind\u00fastrias do Estado do Rio de Janeiro), divulgado nesta semana.<\/p>\n\n\n\n<p>O munic\u00edpio obteve uma pontua\u00e7\u00e3o acima da m\u00e9dia no \u00cdndice de Gest\u00e3o Fiscal dos Munic\u00edpios (IFGV), ficando entre as cidades mais bem posicionadas no ranking de Mato Grosso do Sul.<\/p>\n\n\n\n<p>O IFGV \u00e9 um indicador que mede a capacidade de gest\u00e3o fiscal das prefeituras brasileiras. Ele \u00e9 composto por quatro \u00edndices: autonomia, gest\u00e3o com pessoal, liquidez e investimentos.<\/p>\n\n\n\n<p>Os indicadores mostram uma pontua\u00e7\u00e3o que varia de 0 a 1. Quanto mais pr\u00f3ximo de 1, melhor a situa\u00e7\u00e3o a classifica\u00e7\u00e3o dos indicadores, enquanto valores mais baixos indicam desempenho menos favor\u00e1vel.<\/p>\n\n\n\n<figure class=\"wp-block-image size-large\"><img loading=\"lazy\" decoding=\"async\" width=\"1024\" height=\"576\" src=\"https:\/\/jornaloalvorada.com.br\/site\/wp-content\/uploads\/2023\/11\/image-5-1024x576.png\" alt=\"\" class=\"wp-image-3480\" srcset=\"https:\/\/jornaloalvorada.com.br\/site\/wp-content\/uploads\/2023\/11\/image-5-1024x576.png 1024w, https:\/\/jornaloalvorada.com.br\/site\/wp-content\/uploads\/2023\/11\/image-5-300x169.png 300w, https:\/\/jornaloalvorada.com.br\/site\/wp-content\/uploads\/2023\/11\/image-5-768x432.png 768w, https:\/\/jornaloalvorada.com.br\/site\/wp-content\/uploads\/2023\/11\/image-5-1536x864.png 1536w, https:\/\/jornaloalvorada.com.br\/site\/wp-content\/uploads\/2023\/11\/image-5.png 1600w\" sizes=\"auto, (max-width: 1024px) 100vw, 1024px\" \/><\/figure>\n\n\n\n<p>No ranking estadual, Nova Alvorada do Sul est\u00e1 a frente de cidades importantes no estado, como: Campo Grande, Dourados, Ponta Por\u00e3, Corumb\u00e1, Sidrol\u00e2ndia, Bataguassu, entre outras.<\/p>\n\n\n\n<p>Em Nova Alvorada do Sul, todos os \u00edndices obtiveram pontua\u00e7\u00f5es positivas. O \u00edndice de investimentos, que mede a capacidade de gerar bem-estar e competitividade, obteve a nota m\u00e1xima de (1.0000).<\/p>\n\n\n\n<p>A evolu\u00e7\u00e3o anual mostra tamb\u00e9m que o munic\u00edpio alcan\u00e7ou pontua\u00e7\u00e3o excelente a partir de 2021, no comparativo entre 2013 a 2022.<\/p>\n\n\n\n<p>O resultado do IFGV \u00e9 um reflexo da boa gest\u00e3o fiscal do munic\u00edpio, que tem adotado medidas para garantir a sustentabilidade das finan\u00e7as p\u00fablicas.<\/p>\n\n\n\n<p>Entre as medidas adotadas est\u00e3o:<\/p>\n\n\n\n<ul class=\"wp-block-list\">\n<li>Controle rigoroso das despesas;<\/li>\n\n\n\n<li>Aumento da arrecada\u00e7\u00e3o tribut\u00e1ria;<\/li>\n\n\n\n<li>Investimentos em obras e servi\u00e7os p\u00fablicos;<\/li>\n\n\n\n<li>Efici\u00eancia na gest\u00e3o dos recursos p\u00fablicos.<\/li>\n<\/ul>\n\n\n\n<p>O prefeito de Nova Alvorada do Sul, Jos\u00e9 Paulo Paleari, destacou a import\u00e2ncia do resultado obtido pelo munic\u00edpio.<\/p>\n\n\n\n<p>&#8220;Esse resultado \u00e9 fruto do trabalho \u00e1rduo de toda a nossa equipe, que tem se empenhado em garantir a sustentabilidade das finan\u00e7as p\u00fablicas e a qualidade de vida da nossa popula\u00e7\u00e3o. N\u00f3s estamos empenhados em garantir transpar\u00eancia e seriedade com a m\u00e1quina p\u00fablica, e esses resultados mostram isso&#8221;, disse Paleari.<\/p>\n\n\n\n<p>O prefeito tamb\u00e9m ressaltou que o resultado do IFGV \u00e9 um incentivo para que o munic\u00edpio continue trabalhando para melhorar ainda mais a gest\u00e3o fiscal.<\/p>\n\n\n\n<p>O IFGV \u00e9 obtido a partir de um levantamento de dados de cada cidade e apresenta quatro \u00edndices: autonomia, que \u00e9 a capacidade de financiar a estrutura administrativa; a gest\u00e3o com pessoal, que se refere ao grau de rigidez do or\u00e7amento em rela\u00e7\u00e3o a gastos com servidores; liquidez, que aponta o cumprimento das obriga\u00e7\u00f5es financeiras; e os investimentos, que mostra a capacidade de gerar bem-estar e competitividade.<\/p>\n\n\n\n<p>No pa\u00eds todo, 41,9% das prefeituras est\u00e3o em situa\u00e7\u00e3o dif\u00edcil ou cr\u00edtica, enquanto 58,1% t\u00eam condi\u00e7\u00f5es boas ou excelentes.<\/p>\n","protected":false},"excerpt":{"rendered":"<p>O munic\u00edpio de Nova Alvorada do Sul se destacou no mais recente levantamento do Instituto FIRJAN (Federa\u00e7\u00e3o das Ind\u00fastrias do<\/p>\n","protected":false},"author":1,"featured_media":3478,"comment_status":"open","ping_status":"open","sticky":false,"template":"","format":"standard","meta":{"footnotes":""},"categories":[2],"tags":[],"class_list":["post-3477","post","type-post","status-publish","format-standard","has-post-thumbnail","hentry","category-noticias"],"_links":{"self":[{"href":"https:\/\/jornaloalvorada.com.br\/site\/wp-json\/wp\/v2\/posts\/3477","targetHints":{"allow":["GET"]}}],"collection":[{"href":"https:\/\/jornaloalvorada.com.br\/site\/wp-json\/wp\/v2\/posts"}],"about":[{"href":"https:\/\/jornaloalvorada.com.br\/site\/wp-json\/wp\/v2\/types\/post"}],"author":[{"embeddable":true,"href":"https:\/\/jornaloalvorada.com.br\/site\/wp-json\/wp\/v2\/users\/1"}],"replies":[{"embeddable":true,"href":"https:\/\/jornaloalvorada.com.br\/site\/wp-json\/wp\/v2\/comments?post=3477"}],"version-history":[{"count":2,"href":"https:\/\/jornaloalvorada.com.br\/site\/wp-json\/wp\/v2\/posts\/3477\/revisions"}],"predecessor-version":[{"id":3482,"href":"https:\/\/jornaloalvorada.com.br\/site\/wp-json\/wp\/v2\/posts\/3477\/revisions\/3482"}],"wp:featuredmedia":[{"embeddable":true,"href":"https:\/\/jornaloalvorada.com.br\/site\/wp-json\/wp\/v2\/media\/3478"}],"wp:attachment":[{"href":"https:\/\/jornaloalvorada.com.br\/site\/wp-json\/wp\/v2\/media?parent=3477"}],"wp:term":[{"taxonomy":"category","embeddable":true,"href":"https:\/\/jornaloalvorada.com.br\/site\/wp-json\/wp\/v2\/categories?post=3477"},{"taxonomy":"post_tag","embeddable":true,"href":"https:\/\/jornaloalvorada.com.br\/site\/wp-json\/wp\/v2\/tags?post=3477"}],"curies":[{"name":"wp","href":"https:\/\/api.w.org\/{rel}","templated":true}]}}