{"id":3467,"date":"2023-11-09T09:37:27","date_gmt":"2023-11-09T13:37:27","guid":{"rendered":"https:\/\/jornaloalvorada.com.br\/site\/?p=3467"},"modified":"2023-11-10T16:02:06","modified_gmt":"2023-11-10T20:02:06","slug":"mortos-no-conflito-entre-israel-e-o-hamas-chegam-a-11-903","status":"publish","type":"post","link":"https:\/\/jornaloalvorada.com.br\/site\/2023\/11\/09\/mortos-no-conflito-entre-israel-e-o-hamas-chegam-a-11-903\/","title":{"rendered":"Mortos no conflito entre Israel e o Hamas chegam a 11.903"},"content":{"rendered":"\n<p>O n\u00famero de mortos no conflito entre Israel e o Hamas chegou a 11.903 na 4\u00aa feira (8.nov.2023). H\u00e1 o registro de 10.473 mortos palestinos e 1.430 israelenses. Feridos somam 32.765, segundo a Al Jazeera (emissora estatal da monarquia do Qatar). As informa\u00e7\u00f5es sobre a Faixa de Gaza s\u00e3o do Hamas e n\u00e3o podem ser verificadas de maneira independente.<\/p>\n\n\n\n<figure class=\"wp-block-image size-large\"><img loading=\"lazy\" decoding=\"async\" width=\"1024\" height=\"1024\" src=\"https:\/\/jornaloalvorada.com.br\/site\/wp-content\/uploads\/2023\/11\/image-2-1024x1024.png\" alt=\"\" class=\"wp-image-3468\" srcset=\"https:\/\/jornaloalvorada.com.br\/site\/wp-content\/uploads\/2023\/11\/image-2-1024x1024.png 1024w, https:\/\/jornaloalvorada.com.br\/site\/wp-content\/uploads\/2023\/11\/image-2-300x300.png 300w, https:\/\/jornaloalvorada.com.br\/site\/wp-content\/uploads\/2023\/11\/image-2-150x150.png 150w, https:\/\/jornaloalvorada.com.br\/site\/wp-content\/uploads\/2023\/11\/image-2-768x768.png 768w, https:\/\/jornaloalvorada.com.br\/site\/wp-content\/uploads\/2023\/11\/image-2.png 1536w\" sizes=\"auto, (max-width: 1024px) 100vw, 1024px\" \/><\/figure>\n\n\n\n<p>Desde o in\u00edcio do conflito, em 7 de outubro, j\u00e1 morreram 4.145 crian\u00e7as e 2.510 mulheres na Faixa de Gaza e na Cisjord\u00e2nia.<\/p>\n\n\n\n<figure class=\"wp-block-image size-large\"><img loading=\"lazy\" decoding=\"async\" width=\"1024\" height=\"1024\" src=\"https:\/\/jornaloalvorada.com.br\/site\/wp-content\/uploads\/2023\/11\/image-3-1024x1024.png\" alt=\"\" class=\"wp-image-3469\" srcset=\"https:\/\/jornaloalvorada.com.br\/site\/wp-content\/uploads\/2023\/11\/image-3-1024x1024.png 1024w, https:\/\/jornaloalvorada.com.br\/site\/wp-content\/uploads\/2023\/11\/image-3-300x300.png 300w, https:\/\/jornaloalvorada.com.br\/site\/wp-content\/uploads\/2023\/11\/image-3-150x150.png 150w, https:\/\/jornaloalvorada.com.br\/site\/wp-content\/uploads\/2023\/11\/image-3-768x768.png 768w, https:\/\/jornaloalvorada.com.br\/site\/wp-content\/uploads\/2023\/11\/image-3.png 1536w\" sizes=\"auto, (max-width: 1024px) 100vw, 1024px\" \/><\/figure>\n\n\n\n<p>Os feridos somam 32.765. S\u00e3o 27.165 palestinos e 5.600 israelenses, segundo a Al Jazeera. Israel n\u00e3o disponibiliza n\u00fameros sobre crian\u00e7as.<\/p>\n\n\n\n<figure class=\"wp-block-image size-large\"><img loading=\"lazy\" decoding=\"async\" width=\"1024\" height=\"1024\" src=\"https:\/\/jornaloalvorada.com.br\/site\/wp-content\/uploads\/2023\/11\/image-4-1024x1024.png\" alt=\"\" class=\"wp-image-3470\" srcset=\"https:\/\/jornaloalvorada.com.br\/site\/wp-content\/uploads\/2023\/11\/image-4-1024x1024.png 1024w, https:\/\/jornaloalvorada.com.br\/site\/wp-content\/uploads\/2023\/11\/image-4-300x300.png 300w, https:\/\/jornaloalvorada.com.br\/site\/wp-content\/uploads\/2023\/11\/image-4-150x150.png 150w, https:\/\/jornaloalvorada.com.br\/site\/wp-content\/uploads\/2023\/11\/image-4-768x768.png 768w, https:\/\/jornaloalvorada.com.br\/site\/wp-content\/uploads\/2023\/11\/image-4.png 1536w\" sizes=\"auto, (max-width: 1024px) 100vw, 1024px\" \/><\/figure>\n","protected":false},"excerpt":{"rendered":"<p>O n\u00famero de mortos no conflito entre Israel e o Hamas chegou a 11.903 na 4\u00aa feira (8.nov.2023). H\u00e1 o<\/p>\n","protected":false},"author":1,"featured_media":3471,"comment_status":"open","ping_status":"open","sticky":false,"template":"","format":"standard","meta":{"footnotes":""},"categories":[2],"tags":[],"class_list":["post-3467","post","type-post","status-publish","format-standard","has-post-thumbnail","hentry","category-noticias"],"_links":{"self":[{"href":"https:\/\/jornaloalvorada.com.br\/site\/wp-json\/wp\/v2\/posts\/3467","targetHints":{"allow":["GET"]}}],"collection":[{"href":"https:\/\/jornaloalvorada.com.br\/site\/wp-json\/wp\/v2\/posts"}],"about":[{"href":"https:\/\/jornaloalvorada.com.br\/site\/wp-json\/wp\/v2\/types\/post"}],"author":[{"embeddable":true,"href":"https:\/\/jornaloalvorada.com.br\/site\/wp-json\/wp\/v2\/users\/1"}],"replies":[{"embeddable":true,"href":"https:\/\/jornaloalvorada.com.br\/site\/wp-json\/wp\/v2\/comments?post=3467"}],"version-history":[{"count":1,"href":"https:\/\/jornaloalvorada.com.br\/site\/wp-json\/wp\/v2\/posts\/3467\/revisions"}],"predecessor-version":[{"id":3472,"href":"https:\/\/jornaloalvorada.com.br\/site\/wp-json\/wp\/v2\/posts\/3467\/revisions\/3472"}],"wp:featuredmedia":[{"embeddable":true,"href":"https:\/\/jornaloalvorada.com.br\/site\/wp-json\/wp\/v2\/media\/3471"}],"wp:attachment":[{"href":"https:\/\/jornaloalvorada.com.br\/site\/wp-json\/wp\/v2\/media?parent=3467"}],"wp:term":[{"taxonomy":"category","embeddable":true,"href":"https:\/\/jornaloalvorada.com.br\/site\/wp-json\/wp\/v2\/categories?post=3467"},{"taxonomy":"post_tag","embeddable":true,"href":"https:\/\/jornaloalvorada.com.br\/site\/wp-json\/wp\/v2\/tags?post=3467"}],"curies":[{"name":"wp","href":"https:\/\/api.w.org\/{rel}","templated":true}]}}