{"id":3464,"date":"2023-11-09T09:30:23","date_gmt":"2023-11-09T13:30:23","guid":{"rendered":"https:\/\/jornaloalvorada.com.br\/site\/?p=3464"},"modified":"2023-11-10T16:02:00","modified_gmt":"2023-11-10T20:02:00","slug":"professores-recomendam-revisao-e-descanso-na-reta-final-para-o-enem","status":"publish","type":"post","link":"https:\/\/jornaloalvorada.com.br\/site\/2023\/11\/09\/professores-recomendam-revisao-e-descanso-na-reta-final-para-o-enem\/","title":{"rendered":"Professores recomendam revis\u00e3o e descanso na reta final para o Enem"},"content":{"rendered":"\n<p>Estudantes de todo o pa\u00eds far\u00e3o, neste domingo (12), as provas de matem\u00e1tica e ci\u00eancias da natureza do Exame Nacional do Ensino M\u00e9dio (Enem) 2023. Ao todo, ser\u00e3o 90 quest\u00f5es, todas objetivas, que dever\u00e3o ser resolvidas em 5 horas. Revis\u00e3o e descanso podem ajudar os estudantes a estarem mais preparados e mais seguros para o segundo dia de exame. &nbsp;<img decoding=\"async\" src=\"https:\/\/agenciabrasil.ebc.com.br\/ebc.png?id=1565153&amp;o=node\"><img decoding=\"async\" src=\"https:\/\/agenciabrasil.ebc.com.br\/ebc.gif?id=1565153&amp;o=node\"><\/p>\n\n\n\n<p>\u201cRevisar mat\u00e9rias mais frequentes nas provas \u00e9 o ideal! Tentar estudar todo o conte\u00fado da prova em uma semana \u00e9 uma p\u00e9ssima ideia, mas refor\u00e7ar conceitos e f\u00f3rmulas sobre os assuntos mais comuns, vai trazer mais tranquilidade e melhores chances de obter uma boa pontua\u00e7\u00e3o\u201d, diz o professor de matem\u00e1tica do Col\u00e9gio Leonardo Da Vinci de Porto Alegre Diego Andrades.&nbsp;<\/p>\n\n\n\n<p>Para a professora de qu\u00edmica do col\u00e9gio Ao Cubo do Rio de Janeiro Caroline Azevedo, tr\u00eas coisas s\u00e3o muito importantes na prepara\u00e7\u00e3o para o segundo dia de provas. A primeira delas, como destacado tamb\u00e9m Andrades, \u00e9 focar os estudos nos conte\u00fados mais recorrentes dos anos anteriores, realizando, as quest\u00f5es de outras edi\u00e7\u00f5es do Enem. As <a href=\"https:\/\/www.gov.br\/inep\/pt-br\/areas-de-atuacao\/avaliacao-e-exames-educacionais\/enem\/provas-e-gabaritos\" target=\"_blank\" rel=\"noreferrer noopener\">provas e os gabaritos<\/a> de anos anteriores est\u00e3o dispon\u00edveis na p\u00e1gina do Instituto Nacional de Estudos e Pesquisas Educacionais An\u00edsio Teixeira (Inep).<\/p>\n\n\n\n<p>A segunda \u00e9 chegar na prova com uma estrat\u00e9gia definida, ou seja, sabendo qual prova vai resolver primeiro e quanto tempo vai dedicar a cada \u00e1rea do conhecimento. \u201cN\u00e3o se deve tomar esse tipo de decis\u00e3o na hora, muito menos fazer a prova sem uma estrat\u00e9gia definida\u201d, diz a professora.<\/p>\n\n\n\n<p>J\u00e1 a terceira \u00e9 avaliar o que deu certo e o que deu errado no primeiro dia do Enem, principalmente em rela\u00e7\u00e3o ao controle do tempo. No \u00faltimo domingo (5), os estudantes fizeram as provas de linguagens, ci\u00eancias humanas e reda\u00e7\u00e3o.&nbsp;<\/p>\n\n\n\n<p>\u201cAlgumas quest\u00f5es das \u00e1reas de matem\u00e1tica e de naturezas s\u00e3o muito trabalhosas, \u00e0s vezes envolvem muito c\u00e1lculo, ent\u00e3o o aluno precisa administrar bem o tempo para conseguir fazer a prova inteira. Um estudante que perde muito tempo em uma \u00fanica quest\u00e3o frequentemente n\u00e3o consegue fazer a prova inteira, por isso acaba chutando quest\u00f5es sem sequer ter lido. E muitas vezes s\u00e3o quest\u00f5es f\u00e1ceis e r\u00e1pidas, que ele teria acertado se tivesse ao menos lido\u201d, diz Azevedo.&nbsp;<\/p>\n\n\n\n<p>Na mesma linha de Azevedo, o professor Andrades sugere que os estudantes busquem iniciar a prova procurando uma quest\u00e3o mais f\u00e1cil. \u201cNo in\u00edcio da prova, o nervosismo atrapalha e pode comprometer. Escolher bem por onde come\u00e7ar \u00e9 fundamental para baixar a ansiedade e ganhar confian\u00e7a. Al\u00e9m disso, priorize quest\u00f5es de r\u00e1pida compreens\u00e3o e interpreta\u00e7\u00e3o bem como conte\u00fados com os quais voc\u00ea se sente mais confort\u00e1vel\u201d, sugere.&nbsp;<\/p>\n\n\n\n<p>Segundo o professor, a organiza\u00e7\u00e3o \u00e9 a chave para um bom desempenho. \u201cNa primeira hora de prova, n\u00e3o hesite em pular as quest\u00f5es mais dif\u00edceis, fazendo anota\u00e7\u00f5es nelas para voltar depois. Finalmente, lembre-se que as quest\u00f5es da prova s\u00e3o sobre resolver um problema. As f\u00f3rmulas podem ajudar, mas n\u00e3o s\u00e3o obrigat\u00f3rias. Busque compreender o problema a ser resolvido, use as alternativas a seu favor e caso n\u00e3o lembre da f\u00f3rmula, fa\u00e7a estimativas ou aproxima\u00e7\u00f5es para chegar \u00e0 resposta correta\u201d, recomenda.&nbsp;<\/p>\n\n\n\n<h2 class=\"wp-block-heading\">Fui mal no primeiro dia, e agora?<\/h2>\n\n\n\n<p>Mesmo quem acredita que n\u00e3o se saiu t\u00e3o bem no primeiro dia do Enem ainda pode melhorar a nota no segundo dia. Segundo os professores \u00e9 importante n\u00e3o desistir.&nbsp;<\/p>\n\n\n\n<p>O professor de matem\u00e1tica da Central do Enem, do governo do Amap\u00e1, M\u00e1rcio Costa, conta que durante a semana incentivou todos os alunos a fazerem a prova. No <a href=\"https:\/\/agenciabrasil.ebc.com.br\/educacao\/noticia\/2023-11\/primeiro-dia-de-provas-do-enem-2023-registra-281-de-ausencias\" target=\"_blank\" rel=\"noreferrer noopener\">primeiro dia de exame<\/a>, cerca de 28% dos inscritos faltaram ao exame. \u201cAgora h\u00e1 pouco sai da sala de aula e falava para os alunos que quase 30% dos alunos n\u00e3o foram fazer a prova, a tend\u00eancia \u00e9 ter mais alunos faltando. S\u00f3 o fato dele ir fazer j\u00e1 o coloca em vantagem. O primeiro ponto \u00e9, ent\u00e3o, ir fazer a prova\u201d, diz o professor.&nbsp;<\/p>\n\n\n\n<p>Costa tamb\u00e9m recomenda que os alunos descansem ao menos no dia anterior ao exame: \u201cTer, no s\u00e1bado, um momento de lazer com a fam\u00edlia, com os amigos, dar uma volta, cuidar do psicol\u00f3gico\u201d, recomenda. Isso poder\u00e1 ajudar na ansiedade na hora do exame.&nbsp;<\/p>\n\n\n\n<p>Azevedo tamb\u00e9m incentiva os participantes a n\u00e3o desistirem do segundo dia de prova. Segundo ela, o Enem tem notas independentes em cada \u00e1rea de conhecimento, portanto n\u00e3o ter um desempenho t\u00e3o bom no primeiro dia n\u00e3o quer dizer que o aluno n\u00e3o possa se sair bem no segundo.&nbsp;<\/p>\n\n\n\n<p>\u201cS\u00e3o disciplinas muito diferentes. No segundo domingo de provas, os alunos costumam estar menos tensos, pois j\u00e1 tiveram a experi\u00eancia do primeiro dia, j\u00e1 conhecem o local de prova, j\u00e1 sabem o que funcionou e o que n\u00e3o funcionou na sua estrat\u00e9gia. Ent\u00e3o ele pode fazer esses ajustes\u201d, diz a professora, que acrescenta: \u201cUm bom desempenho no segundo dia pode perfeitamente compensar um baixo n\u00famero de acertos no primeiro domingo\u201d.&nbsp;<\/p>\n\n\n\n<h2 class=\"wp-block-heading\">Enem 2023<\/h2>\n\n\n\n<p>As notas do Enem podem ser usadas para concorrer a vagas em universidades p\u00fablicas pelo Sistema Sele\u00e7\u00e3o Unificada (Sisu), a bolsas de estudo em institui\u00e7\u00f5es privadas de ensino superior pelo Programa Universidade para Todos (ProUni) e para obter financiamento estudantil pelo Fundo de Financiamento Estudantil (Fies). Pode ser usado tamb\u00e9m para acessar o <a href=\"https:\/\/agenciabrasil.ebc.com.br\/educacao\/noticia\/2023-10\/estudantes-contam-como-usaram-o-enem-para-estudar-fora-do-brasil\" target=\"_blank\" rel=\"noreferrer noopener\">ensino superior em universidades estrangeiras<\/a>.<\/p>\n\n\n\n<p><em>Fonte: Ag\u00eancia Brasil<\/em><\/p>\n","protected":false},"excerpt":{"rendered":"<p>Estudantes de todo o pa\u00eds far\u00e3o, neste domingo (12), as provas de matem\u00e1tica e ci\u00eancias da natureza do Exame Nacional<\/p>\n","protected":false},"author":1,"featured_media":3465,"comment_status":"open","ping_status":"open","sticky":false,"template":"","format":"standard","meta":{"footnotes":""},"categories":[2],"tags":[],"class_list":["post-3464","post","type-post","status-publish","format-standard","has-post-thumbnail","hentry","category-noticias"],"_links":{"self":[{"href":"https:\/\/jornaloalvorada.com.br\/site\/wp-json\/wp\/v2\/posts\/3464","targetHints":{"allow":["GET"]}}],"collection":[{"href":"https:\/\/jornaloalvorada.com.br\/site\/wp-json\/wp\/v2\/posts"}],"about":[{"href":"https:\/\/jornaloalvorada.com.br\/site\/wp-json\/wp\/v2\/types\/post"}],"author":[{"embeddable":true,"href":"https:\/\/jornaloalvorada.com.br\/site\/wp-json\/wp\/v2\/users\/1"}],"replies":[{"embeddable":true,"href":"https:\/\/jornaloalvorada.com.br\/site\/wp-json\/wp\/v2\/comments?post=3464"}],"version-history":[{"count":1,"href":"https:\/\/jornaloalvorada.com.br\/site\/wp-json\/wp\/v2\/posts\/3464\/revisions"}],"predecessor-version":[{"id":3466,"href":"https:\/\/jornaloalvorada.com.br\/site\/wp-json\/wp\/v2\/posts\/3464\/revisions\/3466"}],"wp:featuredmedia":[{"embeddable":true,"href":"https:\/\/jornaloalvorada.com.br\/site\/wp-json\/wp\/v2\/media\/3465"}],"wp:attachment":[{"href":"https:\/\/jornaloalvorada.com.br\/site\/wp-json\/wp\/v2\/media?parent=3464"}],"wp:term":[{"taxonomy":"category","embeddable":true,"href":"https:\/\/jornaloalvorada.com.br\/site\/wp-json\/wp\/v2\/categories?post=3464"},{"taxonomy":"post_tag","embeddable":true,"href":"https:\/\/jornaloalvorada.com.br\/site\/wp-json\/wp\/v2\/tags?post=3464"}],"curies":[{"name":"wp","href":"https:\/\/api.w.org\/{rel}","templated":true}]}}