{"id":3448,"date":"2023-11-08T13:53:29","date_gmt":"2023-11-08T17:53:29","guid":{"rendered":"https:\/\/jornaloalvorada.com.br\/site\/?p=3448"},"modified":"2023-11-10T16:01:43","modified_gmt":"2023-11-10T20:01:43","slug":"no-dia-15-de-novembro-o-brasil-vai-viver-novamente-uma-mega-manifestacao-popular","status":"publish","type":"post","link":"https:\/\/jornaloalvorada.com.br\/site\/2023\/11\/08\/no-dia-15-de-novembro-o-brasil-vai-viver-novamente-uma-mega-manifestacao-popular\/","title":{"rendered":"No dia 15 de novembro o Brasil vai viver novamente uma mega manifesta\u00e7\u00e3o popular"},"content":{"rendered":"\n<p>N\u00e3o houve uma dispers\u00e3o natural. Em janeiro desse ano se iniciou uma verdadeira ca\u00e7a \u00e0s lideran\u00e7as da direita desse pa\u00eds.<\/p>\n\n\n\n<p>Pol\u00edticos, influenciadores de redes sociais, jornalistas, l\u00edderes religiosos, todos presos. Eram pris\u00f5es em s\u00e9rie, em lotes, t\u00edpico dos regimes autorit\u00e1rios. Sobrou at\u00e9 para deputado!<\/p>\n\n\n\n<p>Eles faziam quest\u00e3o de expor as suas pris\u00f5es eivadas de ilegalidades.<\/p>\n\n\n\n<p>Soava como uma demonstra\u00e7\u00e3o de poder \u2013 um recado intimidativo: se prendemos um poderoso, imagine o que fazemos com voc\u00ea&#8230;<\/p>\n\n\n\n<p>E passaram a governar na base do medo. A ditadura se imp\u00f4s. O Legislativo omisso e complacente \u2013 quem deveria fazer valer a vontade popular, c\u00famplice.<\/p>\n\n\n\n<p>Num primeiro momento isso funcionou. O povo se recolheu \u00e0s suas casas e fam\u00edlias. O pavor da pris\u00e3o tomou conta das ruas. Entretanto, como era de se esperar, esse panorama n\u00e3o duraria muito tempo.<\/p>\n\n\n\n<p>H\u00e1 alguns meses as manifesta\u00e7\u00f5es isoladas daqueles mais destemidos foram se multiplicando pelos quatro cantos do pa\u00eds e ganhando maiores contornos.<\/p>\n\n\n\n<p>No dia 16 de setembro foi realizado no Clube Militar (RJ), o Encontro de Lideran\u00e7as de Movimentos Patriotas do Brasil. A presen\u00e7a do ilustre desembargador aposentado e advogado Sebasti\u00e3o Coelho demonstra a envergadura do evento &#8211; audit\u00f3rio lotado com gente do Brasil inteiro. Presentes, ainda, o Deputado General Gir\u00e3o e muitos militares, cujas patentes variavam de sargentos a generais. Ali\u00e1s, \u00e9 oportuno registrar que o Ex\u00e9rcito Brasileiro \u00e9 muito maior do que aqueles poucos generais que aderiram ao Partido das Trevas.&nbsp;<\/p>\n\n\n\n<p>Foi criada uma coordena\u00e7\u00e3o nacional cujo objetivo \u00e9 orientar as a\u00e7\u00f5es regionais, sem que cada grupo perca a sua identidade. A comiss\u00e3o que foi composta no evento tem como principal miss\u00e3o voltar \u00e0 ocupa\u00e7\u00e3o das ruas.<\/p>\n\n\n\n<p>Foi definida a data de 15 de novembro para a primeira mega manifesta\u00e7\u00e3o.&nbsp;<\/p>\n\n\n\n<p>Como povo brasileiro, n\u00f3s precisamos for\u00e7ar o Congresso Nacional a agir de acordo com as normas estabelecidas na Constitui\u00e7\u00e3o Federal.<\/p>\n\n\n\n<p>Eles n\u00e3o poder\u00e3o prender a na\u00e7\u00e3o inteira!<\/p>\n\n\n\n<p>Aten\u00e7\u00e3o! A manifesta\u00e7\u00e3o deve ser pac\u00edfica!<\/p>\n\n\n\n<p>A orienta\u00e7\u00e3o da Comiss\u00e3o \u00e9 de que o povo exija do Congresso o voto audit\u00e1vel. Essa deve ser a principal reivindica\u00e7\u00e3o de todas as manifesta\u00e7\u00f5es espalhadas pelo Brasil.<\/p>\n\n\n\n<p>Vamos resolver de uma vez por todas essa quest\u00e3o temer\u00e1ria: a seguran\u00e7a do voto.<\/p>\n\n\n\n<p>Outra orienta\u00e7\u00e3o preciosa \u00e9 de que se evitem ataques como: \u201cfora fulano\u201d ou \u201cabaixo isso ou aquilo\u201d. Nunca esque\u00e7am que a manifesta\u00e7\u00e3o deve ser pac\u00edfica e esses ataques facilitam as narrativas daqueles inescrupulosos da esquerda.<\/p>\n\n\n\n<p>Essa \u00e9 uma tarefa mais dif\u00edcil, tendo em vista os temas centrais das reivindica\u00e7\u00f5es.<\/p>\n\n\n\n<p>O presidente do Senado, o Pacheco, mant\u00e9m engavetados todos os pedidos de impeachment dos ministros da Suprema Corte. Cobrem com energia, com determina\u00e7\u00e3o, mas com educa\u00e7\u00e3o e sem ofender ningu\u00e9m. Pacheco \u00e9 um dos grandes vil\u00f5es da na\u00e7\u00e3o.<\/p>\n\n\n\n<p>As pris\u00f5es, os processos e as condena\u00e7\u00f5es dos patriotas de 8 de janeiro, tamb\u00e9m devem ser abordados pelo povo, como pano de fundo, de tal forma que fique transparente a consci\u00eancia popular diante das ilegalidades e abusos praticados contra milhares de brasileiros ao mesmo tempo \u2013 verdadeiras aberra\u00e7\u00f5es jur\u00eddicas e atentados aos princ\u00edpios democr\u00e1ticos de Direito.<\/p>\n\n\n\n<p>A pol\u00edtica de desencarceramento, a falta de investimentos, as decis\u00f5es judiciais que engessam as atividades policiais, tamb\u00e9m devem trazer a seguran\u00e7a p\u00fablica como tema presente na manifesta\u00e7\u00e3o.<\/p>\n\n\n\n<p>O povo quer dar um basta!<\/p>\n\n\n\n<p>Chega de medidas judiciais pesadas e contaminadas com gritantes ilegalidades expedidas contra quem pensa politicamente diferente ou contra quem ouse expressar o que realmente pensa \u2013 o nome disso \u00e9 ditadura.<\/p>\n\n\n\n<p>Enquanto houver um resqu\u00edcio de liberdade nesse pa\u00eds, liberdade de express\u00e3o, de reuni\u00e3o e de manifesta\u00e7\u00e3o, o povo de bem vai para as ruas.<\/p>\n\n\n\n<p>A popula\u00e7\u00e3o n\u00e3o aguenta mais!<\/p>\n\n\n\n<p>J\u00e1 contrariando as orienta\u00e7\u00f5es da comiss\u00e3o, a frase \u00e9: abaixo a ditadura!<\/p>\n\n\n\n<p>Dia 15 de novembro estaremos juntos! De ponta \u00e0 ponta do Brasil e pelo Brasil.<\/p>\n\n\n\n<p>Vai ser gigante!<\/p>\n\n\n\n<p><em>Fonte: Jornal da Cidade<\/em><\/p>\n","protected":false},"excerpt":{"rendered":"<p>N\u00e3o houve uma dispers\u00e3o natural. Em janeiro desse ano se iniciou uma verdadeira ca\u00e7a \u00e0s lideran\u00e7as da direita desse pa\u00eds.<\/p>\n","protected":false},"author":1,"featured_media":3449,"comment_status":"open","ping_status":"open","sticky":false,"template":"","format":"standard","meta":{"footnotes":""},"categories":[2],"tags":[],"class_list":["post-3448","post","type-post","status-publish","format-standard","has-post-thumbnail","hentry","category-noticias"],"_links":{"self":[{"href":"https:\/\/jornaloalvorada.com.br\/site\/wp-json\/wp\/v2\/posts\/3448","targetHints":{"allow":["GET"]}}],"collection":[{"href":"https:\/\/jornaloalvorada.com.br\/site\/wp-json\/wp\/v2\/posts"}],"about":[{"href":"https:\/\/jornaloalvorada.com.br\/site\/wp-json\/wp\/v2\/types\/post"}],"author":[{"embeddable":true,"href":"https:\/\/jornaloalvorada.com.br\/site\/wp-json\/wp\/v2\/users\/1"}],"replies":[{"embeddable":true,"href":"https:\/\/jornaloalvorada.com.br\/site\/wp-json\/wp\/v2\/comments?post=3448"}],"version-history":[{"count":1,"href":"https:\/\/jornaloalvorada.com.br\/site\/wp-json\/wp\/v2\/posts\/3448\/revisions"}],"predecessor-version":[{"id":3450,"href":"https:\/\/jornaloalvorada.com.br\/site\/wp-json\/wp\/v2\/posts\/3448\/revisions\/3450"}],"wp:featuredmedia":[{"embeddable":true,"href":"https:\/\/jornaloalvorada.com.br\/site\/wp-json\/wp\/v2\/media\/3449"}],"wp:attachment":[{"href":"https:\/\/jornaloalvorada.com.br\/site\/wp-json\/wp\/v2\/media?parent=3448"}],"wp:term":[{"taxonomy":"category","embeddable":true,"href":"https:\/\/jornaloalvorada.com.br\/site\/wp-json\/wp\/v2\/categories?post=3448"},{"taxonomy":"post_tag","embeddable":true,"href":"https:\/\/jornaloalvorada.com.br\/site\/wp-json\/wp\/v2\/tags?post=3448"}],"curies":[{"name":"wp","href":"https:\/\/api.w.org\/{rel}","templated":true}]}}