{"id":3435,"date":"2023-11-08T13:09:44","date_gmt":"2023-11-08T17:09:44","guid":{"rendered":"https:\/\/jornaloalvorada.com.br\/site\/?p=3435"},"modified":"2023-11-10T16:14:26","modified_gmt":"2023-11-10T20:14:26","slug":"prefeitura-anuncia-mais-pavimentacao-asfaltica-para-o-bairro-maria-de-lourdes","status":"publish","type":"post","link":"https:\/\/jornaloalvorada.com.br\/site\/2023\/11\/08\/prefeitura-anuncia-mais-pavimentacao-asfaltica-para-o-bairro-maria-de-lourdes\/","title":{"rendered":"Prefeitura anuncia mais pavimenta\u00e7\u00e3o asf\u00e1ltica para o bairro Maria de Lourdes"},"content":{"rendered":"\n<p>Al\u00f4 Popula\u00e7\u00e3o do Bairro Maria de Lourdes vem mais Pavimenta\u00e7\u00e3o Asf\u00e1ltica por a\u00ed.<\/p>\n\n\n\n<p>Neste momento a equipe respons\u00e1vel est\u00e1 realizando os trabalhos de drenagem de \u00e1guas pluviais e em breve iniciaremos os trabalhos de pavimenta\u00e7\u00e3o asf\u00e1ltica em diversas ruas da regi\u00e3o.<\/p>\n\n\n\n<p>Trabalho, Compromisso e Responsabilidade com Nova Alvorada do Sul.<\/p>\n","protected":false},"excerpt":{"rendered":"<p>Al\u00f4 Popula\u00e7\u00e3o do Bairro Maria de Lourdes vem mais Pavimenta\u00e7\u00e3o Asf\u00e1ltica por a\u00ed. Neste momento a equipe respons\u00e1vel est\u00e1 realizando<\/p>\n","protected":false},"author":1,"featured_media":3436,"comment_status":"open","ping_status":"open","sticky":false,"template":"","format":"standard","meta":{"footnotes":""},"categories":[2],"tags":[],"class_list":["post-3435","post","type-post","status-publish","format-standard","has-post-thumbnail","hentry","category-noticias"],"_links":{"self":[{"href":"https:\/\/jornaloalvorada.com.br\/site\/wp-json\/wp\/v2\/posts\/3435","targetHints":{"allow":["GET"]}}],"collection":[{"href":"https:\/\/jornaloalvorada.com.br\/site\/wp-json\/wp\/v2\/posts"}],"about":[{"href":"https:\/\/jornaloalvorada.com.br\/site\/wp-json\/wp\/v2\/types\/post"}],"author":[{"embeddable":true,"href":"https:\/\/jornaloalvorada.com.br\/site\/wp-json\/wp\/v2\/users\/1"}],"replies":[{"embeddable":true,"href":"https:\/\/jornaloalvorada.com.br\/site\/wp-json\/wp\/v2\/comments?post=3435"}],"version-history":[{"count":1,"href":"https:\/\/jornaloalvorada.com.br\/site\/wp-json\/wp\/v2\/posts\/3435\/revisions"}],"predecessor-version":[{"id":3437,"href":"https:\/\/jornaloalvorada.com.br\/site\/wp-json\/wp\/v2\/posts\/3435\/revisions\/3437"}],"wp:featuredmedia":[{"embeddable":true,"href":"https:\/\/jornaloalvorada.com.br\/site\/wp-json\/wp\/v2\/media\/3436"}],"wp:attachment":[{"href":"https:\/\/jornaloalvorada.com.br\/site\/wp-json\/wp\/v2\/media?parent=3435"}],"wp:term":[{"taxonomy":"category","embeddable":true,"href":"https:\/\/jornaloalvorada.com.br\/site\/wp-json\/wp\/v2\/categories?post=3435"},{"taxonomy":"post_tag","embeddable":true,"href":"https:\/\/jornaloalvorada.com.br\/site\/wp-json\/wp\/v2\/tags?post=3435"}],"curies":[{"name":"wp","href":"https:\/\/api.w.org\/{rel}","templated":true}]}}