{"id":3387,"date":"2023-11-03T17:06:32","date_gmt":"2023-11-03T21:06:32","guid":{"rendered":"https:\/\/jornaloalvorada.com.br\/site\/?p=3387"},"modified":"2024-01-11T17:10:40","modified_gmt":"2024-01-11T21:10:40","slug":"prefeito-prestigia-o-encerramento-e-entrega-de-certificados-para-os-alunos-do-curso-inclusao-produtiva","status":"publish","type":"post","link":"https:\/\/jornaloalvorada.com.br\/site\/2023\/11\/03\/prefeito-prestigia-o-encerramento-e-entrega-de-certificados-para-os-alunos-do-curso-inclusao-produtiva\/","title":{"rendered":"Prefeito prestigia o encerramento e entrega de certificados para os alunos do Curso Inclus\u00e3o Produtiva"},"content":{"rendered":"\n<p>&#8220;Esta \u00e9 mais uma a\u00e7\u00e3o da nossa gest\u00e3o, que foi realizada atrav\u00e9s da parceria da Secretaria Municipal de Assist\u00eancia Social e Sebrae &#8211; MS, com o objetivo de capacitar os jovens do nosso munic\u00edpio&#8221;. Diz prefeito Jos\u00e9 Paulo Paleari.<\/p>\n\n\n\n<p>Trabalho, Compromisso e Responsabilidade com Nova Alvorada do Sul.<\/p>\n","protected":false},"excerpt":{"rendered":"<p>&#8220;Esta \u00e9 mais uma a\u00e7\u00e3o da nossa gest\u00e3o, que foi realizada atrav\u00e9s da parceria da Secretaria Municipal de Assist\u00eancia Social<\/p>\n","protected":false},"author":1,"featured_media":3388,"comment_status":"open","ping_status":"open","sticky":false,"template":"","format":"standard","meta":{"footnotes":""},"categories":[2],"tags":[],"class_list":["post-3387","post","type-post","status-publish","format-standard","has-post-thumbnail","hentry","category-noticias"],"_links":{"self":[{"href":"https:\/\/jornaloalvorada.com.br\/site\/wp-json\/wp\/v2\/posts\/3387","targetHints":{"allow":["GET"]}}],"collection":[{"href":"https:\/\/jornaloalvorada.com.br\/site\/wp-json\/wp\/v2\/posts"}],"about":[{"href":"https:\/\/jornaloalvorada.com.br\/site\/wp-json\/wp\/v2\/types\/post"}],"author":[{"embeddable":true,"href":"https:\/\/jornaloalvorada.com.br\/site\/wp-json\/wp\/v2\/users\/1"}],"replies":[{"embeddable":true,"href":"https:\/\/jornaloalvorada.com.br\/site\/wp-json\/wp\/v2\/comments?post=3387"}],"version-history":[{"count":1,"href":"https:\/\/jornaloalvorada.com.br\/site\/wp-json\/wp\/v2\/posts\/3387\/revisions"}],"predecessor-version":[{"id":3389,"href":"https:\/\/jornaloalvorada.com.br\/site\/wp-json\/wp\/v2\/posts\/3387\/revisions\/3389"}],"wp:featuredmedia":[{"embeddable":true,"href":"https:\/\/jornaloalvorada.com.br\/site\/wp-json\/wp\/v2\/media\/3388"}],"wp:attachment":[{"href":"https:\/\/jornaloalvorada.com.br\/site\/wp-json\/wp\/v2\/media?parent=3387"}],"wp:term":[{"taxonomy":"category","embeddable":true,"href":"https:\/\/jornaloalvorada.com.br\/site\/wp-json\/wp\/v2\/categories?post=3387"},{"taxonomy":"post_tag","embeddable":true,"href":"https:\/\/jornaloalvorada.com.br\/site\/wp-json\/wp\/v2\/tags?post=3387"}],"curies":[{"name":"wp","href":"https:\/\/api.w.org\/{rel}","templated":true}]}}