{"id":3384,"date":"2023-11-03T16:58:43","date_gmt":"2023-11-03T20:58:43","guid":{"rendered":"https:\/\/jornaloalvorada.com.br\/site\/?p=3384"},"modified":"2024-01-11T17:10:34","modified_gmt":"2024-01-11T21:10:34","slug":"a-sinalizacao-politica-dada-por-jair-bolsonaro","status":"publish","type":"post","link":"https:\/\/jornaloalvorada.com.br\/site\/2023\/11\/03\/a-sinalizacao-politica-dada-por-jair-bolsonaro\/","title":{"rendered":"A sinaliza\u00e7\u00e3o pol\u00edtica dada por Jair Bolsonaro"},"content":{"rendered":"\n<p>O ex-presidente Jair Bolsonaro (PL) tem sinalizado o nome do deputado federal Alexandre Ramagem (PL-RJ), ex-diretor da ag\u00eancia de intelig\u00eancia, como seu pr\u00e9-candidato \u00e0 Prefeitura do Rio de Janeiro.<\/p>\n\n\n\n<p>A sinaliza\u00e7\u00e3o inicial ocorreu durante o 1\u00ba Congresso Harpia Brasil, realizado em Goi\u00e2nia (GO), onde Bolsonaro afirmou: \u201cRamagem, a princ\u00edpio, \u00e9 o nosso candidato no Rio de Janeiro\u201d.<\/p>\n\n\n\n<p>Agora, em aceno mais recente, o presidente do PL, Valdemar Costa Neto, oficializou a escolha de Ramagem para a disputa. Valdemar ressaltou que a decis\u00e3o foi tomada com o apoio do governador do Estado, Cl\u00e1udio Castro (PL).<\/p>\n\n\n\n<p>O an\u00fancio da pr\u00e9-candidatura de Ramagem surge ap\u00f3s a decis\u00e3o do Tribunal Superior Eleitoral (TSE) que condenou Bolsonaro e Walter Braga Netto, apontado como um dos favoritos para a disputa na capital fluminense. O TSE tornou os dois ineleg\u00edveis por oito anos.<\/p>\n\n\n\n<p><strong>Conex\u00e3o Pol\u00edtica<\/strong><\/p>\n\n\n\n<p>FONTE: terrabrasilnoticias.com<\/p>\n","protected":false},"excerpt":{"rendered":"<p>O ex-presidente Jair Bolsonaro (PL) tem sinalizado o nome do deputado federal Alexandre Ramagem (PL-RJ), ex-diretor da ag\u00eancia de intelig\u00eancia,<\/p>\n","protected":false},"author":1,"featured_media":3385,"comment_status":"open","ping_status":"open","sticky":false,"template":"","format":"standard","meta":{"footnotes":""},"categories":[2],"tags":[],"class_list":["post-3384","post","type-post","status-publish","format-standard","has-post-thumbnail","hentry","category-noticias"],"_links":{"self":[{"href":"https:\/\/jornaloalvorada.com.br\/site\/wp-json\/wp\/v2\/posts\/3384","targetHints":{"allow":["GET"]}}],"collection":[{"href":"https:\/\/jornaloalvorada.com.br\/site\/wp-json\/wp\/v2\/posts"}],"about":[{"href":"https:\/\/jornaloalvorada.com.br\/site\/wp-json\/wp\/v2\/types\/post"}],"author":[{"embeddable":true,"href":"https:\/\/jornaloalvorada.com.br\/site\/wp-json\/wp\/v2\/users\/1"}],"replies":[{"embeddable":true,"href":"https:\/\/jornaloalvorada.com.br\/site\/wp-json\/wp\/v2\/comments?post=3384"}],"version-history":[{"count":1,"href":"https:\/\/jornaloalvorada.com.br\/site\/wp-json\/wp\/v2\/posts\/3384\/revisions"}],"predecessor-version":[{"id":3386,"href":"https:\/\/jornaloalvorada.com.br\/site\/wp-json\/wp\/v2\/posts\/3384\/revisions\/3386"}],"wp:featuredmedia":[{"embeddable":true,"href":"https:\/\/jornaloalvorada.com.br\/site\/wp-json\/wp\/v2\/media\/3385"}],"wp:attachment":[{"href":"https:\/\/jornaloalvorada.com.br\/site\/wp-json\/wp\/v2\/media?parent=3384"}],"wp:term":[{"taxonomy":"category","embeddable":true,"href":"https:\/\/jornaloalvorada.com.br\/site\/wp-json\/wp\/v2\/categories?post=3384"},{"taxonomy":"post_tag","embeddable":true,"href":"https:\/\/jornaloalvorada.com.br\/site\/wp-json\/wp\/v2\/tags?post=3384"}],"curies":[{"name":"wp","href":"https:\/\/api.w.org\/{rel}","templated":true}]}}