{"id":3207,"date":"2023-10-24T08:28:00","date_gmt":"2023-10-24T12:28:00","guid":{"rendered":"https:\/\/jornaloalvorada.com.br\/site\/?p=3207"},"modified":"2023-11-10T15:50:29","modified_gmt":"2023-11-10T19:50:29","slug":"deputado-estadual-ze-teixeira-destina-emenda-de-200-mil-reais-para-nova-alvorada-do-sul","status":"publish","type":"post","link":"https:\/\/jornaloalvorada.com.br\/site\/2023\/10\/24\/deputado-estadual-ze-teixeira-destina-emenda-de-200-mil-reais-para-nova-alvorada-do-sul\/","title":{"rendered":"Deputado Estadual Z\u00e9 Teixeira destina emenda de 200 mil reais para Nova Alvorada do Sul"},"content":{"rendered":"\n<p>Hoje \u00e9 dia de agradecer a parceria do nosso amigo e Deputado Estadual Z\u00e9 Teixeira, que destinou mais uma emenda para o nosso munic\u00edpio no valor de \u201c200 Mil Reais\u201d<\/p>\n\n\n\n<p>Essa parceria do Deputado Z\u00e9 Teixeira, demonstra seu compromisso com o bem-estar e a qualidade de vida de nossa popula\u00e7\u00e3o. Com esses recursos, poderemos aprimorar ainda mais os servi\u00e7os oferecidos pela nossa sa\u00fade , proporcionando um atendimento ainda mais completo e eficaz \u00e0s fam\u00edlias Sulnovaalvoradenses.<\/p>\n\n\n\n<p><\/p>\n\n\n\n<p>Muito obrigado, Deputado Z\u00e9 Teixeira, e obrigado a todos os parceiros, por fazerem parte deste importante cap\u00edtulo em nossa jornada.<img decoding=\"async\" data-visualcompletion=\"media-vc-image\" class=\"x1bwycvy x193iq5w x4fas0m x19kjcj4\" src=\"https:\/\/scontent.fcgr5-1.fna.fbcdn.net\/v\/t39.30808-6\/395071634_785848133552940_1349676174560910140_n.jpg?_nc_cat=105&amp;ccb=1-7&amp;_nc_sid=5f2048&amp;_nc_eui2=AeF_XZgZKuk4lDSWvxWhSwjEp1n2jyjpK9mnWfaPKOkr2cvYvHofSA8L1gNJD6cNntMn5P3svUWKD267gsCLmMJK&amp;_nc_ohc=4Liu3K8pkMEAX8kvdlT&amp;_nc_ht=scontent.fcgr5-1.fna&amp;oh=00_AfAN5hfE0bFsbEZfCuCCXFDYmGFMQ0CgpJ40YzrMC0z1zQ&amp;oe=653BE7BD\" alt=\"Pode ser uma imagem de 2 pessoas e texto que diz &quot;EMEND PAGA EMENDA R$ $209l EM EMENDA PARA NOVA ALVORADA DO SUL Mais uma emenda paga no valor de 200 mil, para a saude de Nov\u03b1 Alvorada do Sul. Investir na sa\u00fade investir em Qualidade de vidada popula\u00e7\u00e3o Paleari PREFEITO Z\u00e9 Teixeira Estadual&quot;\"><\/p>\n","protected":false},"excerpt":{"rendered":"<p>Hoje \u00e9 dia de agradecer a parceria do nosso amigo e Deputado Estadual Z\u00e9 Teixeira, que destinou mais uma emenda<\/p>\n","protected":false},"author":1,"featured_media":3208,"comment_status":"open","ping_status":"open","sticky":false,"template":"","format":"standard","meta":{"footnotes":""},"categories":[2],"tags":[],"class_list":["post-3207","post","type-post","status-publish","format-standard","has-post-thumbnail","hentry","category-noticias"],"_links":{"self":[{"href":"https:\/\/jornaloalvorada.com.br\/site\/wp-json\/wp\/v2\/posts\/3207","targetHints":{"allow":["GET"]}}],"collection":[{"href":"https:\/\/jornaloalvorada.com.br\/site\/wp-json\/wp\/v2\/posts"}],"about":[{"href":"https:\/\/jornaloalvorada.com.br\/site\/wp-json\/wp\/v2\/types\/post"}],"author":[{"embeddable":true,"href":"https:\/\/jornaloalvorada.com.br\/site\/wp-json\/wp\/v2\/users\/1"}],"replies":[{"embeddable":true,"href":"https:\/\/jornaloalvorada.com.br\/site\/wp-json\/wp\/v2\/comments?post=3207"}],"version-history":[{"count":1,"href":"https:\/\/jornaloalvorada.com.br\/site\/wp-json\/wp\/v2\/posts\/3207\/revisions"}],"predecessor-version":[{"id":3209,"href":"https:\/\/jornaloalvorada.com.br\/site\/wp-json\/wp\/v2\/posts\/3207\/revisions\/3209"}],"wp:featuredmedia":[{"embeddable":true,"href":"https:\/\/jornaloalvorada.com.br\/site\/wp-json\/wp\/v2\/media\/3208"}],"wp:attachment":[{"href":"https:\/\/jornaloalvorada.com.br\/site\/wp-json\/wp\/v2\/media?parent=3207"}],"wp:term":[{"taxonomy":"category","embeddable":true,"href":"https:\/\/jornaloalvorada.com.br\/site\/wp-json\/wp\/v2\/categories?post=3207"},{"taxonomy":"post_tag","embeddable":true,"href":"https:\/\/jornaloalvorada.com.br\/site\/wp-json\/wp\/v2\/tags?post=3207"}],"curies":[{"name":"wp","href":"https:\/\/api.w.org\/{rel}","templated":true}]}}