{"id":3200,"date":"2023-10-24T09:22:17","date_gmt":"2023-10-24T13:22:17","guid":{"rendered":"https:\/\/jornaloalvorada.com.br\/site\/?p=3200"},"modified":"2023-11-10T15:50:45","modified_gmt":"2023-11-10T19:50:45","slug":"caos-rio-amanhece-em-clima-de-terror-apos-ataques-de-milicianos","status":"publish","type":"post","link":"https:\/\/jornaloalvorada.com.br\/site\/2023\/10\/24\/caos-rio-amanhece-em-clima-de-terror-apos-ataques-de-milicianos\/","title":{"rendered":"Caos: Rio amanhece em clima de terror ap\u00f3s ataques de milicianos"},"content":{"rendered":"\n<p>A morte do miliciano Matheus da Silva Rezende, mais conhecido como \u201cFaust\u00e3o\u201d e \u201cTeteu\u201d, desencadeou uma s\u00e9rie de ataques contra \u00f4nibus no Rio de Janeiro, nessa segunda-feira (23\/10), e aterrorizou moradores. A capital fluminense amanheceu nesta ter\u00e7a-feira (24) com escolas fechadas e carca\u00e7as de ve\u00edculos destru\u00eddos pelas chamas nas ruas \u2014 no total, 35 \u00f4nibus e um trem foram queimados.<\/p>\n\n\n\n<p>Faust\u00e3o morreu nessa segunda durante confronto com policiais na comunidade Tr\u00eas Pontes, em Santa Cruz, na zona oeste do Rio. Segundo a Pol\u00edcia Civil do Rio de Janeiro (PCRJ), ele chegou a ser socorrido e encaminhado para o Hospital Municipal Pedro II, mas n\u00e3o resistiu.<\/p>\n\n\n\n<p>Ainda de acordo com a corpora\u00e7\u00e3o, Faust\u00e3o era o segundo na hierarquia da mil\u00edcia Bonde do Zinho, a principal da capital fluminense.<\/p>\n\n\n\n<p>A Prefeitura do Rio de Janeiro determinou a suspens\u00e3o das aulas em decorr\u00eancia dos ataques. Segundo a Secretaria Municipal de Educa\u00e7\u00e3o, a medida atinge 45 escolas localizadas nos bairros de Vila Paci\u00eancia, Antares, Cesar\u00e3o, Tr\u00eas Pontes, Inhoa\u00edba e Campo Grande.<\/p>\n\n\n\n<h4 class=\"wp-block-heading\">Ataque<\/h4>\n\n\n\n<p>Os criminosos queimaram 20 \u00f4nibus da opera\u00e7\u00e3o municipal, cinco do BRT, 10 ve\u00edculos de turismo\/fretamento e um trem. De acordo com o Rio \u00d4nibus, essa segunda foi o dia com o maior n\u00famero de coletivos incendiados na hist\u00f3ria da cidade. O preju\u00edzo \u00e9 calculado em R$ 35 milh\u00f5es.<\/p>\n\n\n\n<p>O Corpo de Bombeiros do Rio mobilizou cerca de 200 militares para combater as chamas. E a Pol\u00edcia Civil prendeu 12 suspeitos de envolvimento nos inc\u00eandios na zona oeste.<\/p>\n\n\n\n<p>A SuperVia, respons\u00e1vel pelos trens da capital fluminense, informou que cerca de 4,5 mil passageiros foram afetados pelo inc\u00eandio de um trem que sa\u00eda de Santa Cruz sentido Central.<\/p>\n\n\n\n<p>O Centro de Opera\u00e7\u00f5es Rio informou que pontos da Avenida Brasil e da Avenida das Am\u00e9ricas Liberada foram interditados por causa dos inc\u00eandios e engarrafamentos registrados no in\u00edcio da noite de segunda, durante o hor\u00e1rio de pico.<\/p>\n\n\n\n<p><strong>Metr\u00f3poles<\/strong><\/p>\n","protected":false},"excerpt":{"rendered":"<p>A morte do miliciano Matheus da Silva Rezende, mais conhecido como \u201cFaust\u00e3o\u201d e \u201cTeteu\u201d, desencadeou uma s\u00e9rie de ataques contra<\/p>\n","protected":false},"author":1,"featured_media":3201,"comment_status":"open","ping_status":"open","sticky":false,"template":"","format":"standard","meta":{"footnotes":""},"categories":[2],"tags":[],"class_list":["post-3200","post","type-post","status-publish","format-standard","has-post-thumbnail","hentry","category-noticias"],"_links":{"self":[{"href":"https:\/\/jornaloalvorada.com.br\/site\/wp-json\/wp\/v2\/posts\/3200","targetHints":{"allow":["GET"]}}],"collection":[{"href":"https:\/\/jornaloalvorada.com.br\/site\/wp-json\/wp\/v2\/posts"}],"about":[{"href":"https:\/\/jornaloalvorada.com.br\/site\/wp-json\/wp\/v2\/types\/post"}],"author":[{"embeddable":true,"href":"https:\/\/jornaloalvorada.com.br\/site\/wp-json\/wp\/v2\/users\/1"}],"replies":[{"embeddable":true,"href":"https:\/\/jornaloalvorada.com.br\/site\/wp-json\/wp\/v2\/comments?post=3200"}],"version-history":[{"count":1,"href":"https:\/\/jornaloalvorada.com.br\/site\/wp-json\/wp\/v2\/posts\/3200\/revisions"}],"predecessor-version":[{"id":3202,"href":"https:\/\/jornaloalvorada.com.br\/site\/wp-json\/wp\/v2\/posts\/3200\/revisions\/3202"}],"wp:featuredmedia":[{"embeddable":true,"href":"https:\/\/jornaloalvorada.com.br\/site\/wp-json\/wp\/v2\/media\/3201"}],"wp:attachment":[{"href":"https:\/\/jornaloalvorada.com.br\/site\/wp-json\/wp\/v2\/media?parent=3200"}],"wp:term":[{"taxonomy":"category","embeddable":true,"href":"https:\/\/jornaloalvorada.com.br\/site\/wp-json\/wp\/v2\/categories?post=3200"},{"taxonomy":"post_tag","embeddable":true,"href":"https:\/\/jornaloalvorada.com.br\/site\/wp-json\/wp\/v2\/tags?post=3200"}],"curies":[{"name":"wp","href":"https:\/\/api.w.org\/{rel}","templated":true}]}}