{"id":3186,"date":"2023-10-23T08:00:00","date_gmt":"2023-10-23T12:00:00","guid":{"rendered":"https:\/\/jornaloalvorada.com.br\/site\/?p=3186"},"modified":"2023-11-10T15:38:42","modified_gmt":"2023-11-10T19:38:42","slug":"nova-carteira-de-identidade-deve-ser-emitida-em-todo-o-pais-em-15-dias","status":"publish","type":"post","link":"https:\/\/jornaloalvorada.com.br\/site\/2023\/10\/23\/nova-carteira-de-identidade-deve-ser-emitida-em-todo-o-pais-em-15-dias\/","title":{"rendered":"Nova carteira de identidade deve ser emitida em todo o pa\u00eds em 15 dias"},"content":{"rendered":"\n<p>O Distrito Federal, S\u00e3o Paulo e outros 13 estados brasileiros t\u00eam 15 dias, at\u00e9 6 de novembro, para come\u00e7ar a emitir a nova Carteira de Identidade Nacional (CIN).<\/p>\n\n\n\n<p>O novo documento n\u00e3o tem mais o RG (Registro Geral), apenas o n\u00famero do CPF (Cadastro de Pessoas F\u00edsicas) como registro geral, \u00fanico e v\u00e1lido para todo o pa\u00eds.<\/p>\n\n\n\n<p>Atualmente, 12 estados emitem a nova Carteira de Identidade Nacional: Acre, Alagoas, Amazonas, Goi\u00e1s, Mato Grosso, Minas Gerais, Pernambuco, Piau\u00ed, Paran\u00e1, Rio de Janeiro, Rio Grande do Sul e Santa Catarina. A ades\u00e3o come\u00e7ou em julho de 2022 pelo Rio Grande do Sul.<\/p>\n\n\n\n<p>At\u00e9 agora foram registrados 2 milh\u00f5es de novos documentos. Mas o governo federal determinou que at\u00e9 6 de novembro todas das unidades federativas passem a expedir a CIN.<\/p>\n\n\n\n<p>O Minist\u00e9rio da Gest\u00e3o e da Inova\u00e7\u00e3o em Servi\u00e7os P\u00fablicos afirma que est\u00e1 trabalhando com os estados com mais dificuldades nessa integra\u00e7\u00e3o.<\/p>\n\n\n\n<p>O Rio de Janeiro, que atualmente j\u00e1 emite a nova carteira nas primeiras vias para menores de 18 anos, tem a previs\u00e3o de que at\u00e9 o dia 6 de novembro todos os seus postos de atendimento emitir\u00e3o o novo documento, segundo a pasta.<\/p>\n\n\n\n<p>J\u00e1 no estado de S\u00e3o Paulo, deve ocorrer ainda a emiss\u00e3o dos dois modelos (a nova Carteira de Identidade Nacional e o antigo RG) a partir da mesma data.<\/p>\n\n\n\n<p>&#8220;A Pol\u00edcia Civil, por meio do Instituto de Identifica\u00e7\u00e3o Ricardo Gumbleton Daunt (IIRGD), est\u00e1 trabalhando o desenvolvimento dos sistemas de integra\u00e7\u00e3o com a Receita Federal e com o Minist\u00e9rio da Justi\u00e7a e Seguran\u00e7a P\u00fablica, a fim de atender ao prazo de 6 de novembro de 2023&#8221;, afirmou em nota a Secretaria de Seguran\u00e7a P\u00fablica de S\u00e3o Paulo.<\/p>\n\n\n\n<p>Acre, Alagoas, Amazonas, Goi\u00e1s, Maranh\u00e3o, Minas Gerais, Mato Grosso, Piau\u00ed, Rio Grande do Sul, Santa Catarina e o Distrito Federal v\u00e3o passar a emitir somente o novo documento de identifica\u00e7\u00e3o.<\/p>\n\n\n\n<h4 class=\"wp-block-heading\">Vantagens do novo documento<\/h4>\n\n\n\n<p>&#8220;As crian\u00e7as que nascem hoje j\u00e1 recebem um n\u00famero de CPF e a ideia \u00e9 que esse seja o \u00fanico n\u00famero de identifica\u00e7\u00e3o, que vai permitir que a gente conhe\u00e7a melhor o cidad\u00e3o brasileiro e aprimore a oferta de servi\u00e7os p\u00fablicos\u201d, afirmou a ministra da Gest\u00e3o e da Inova\u00e7\u00e3o em Servi\u00e7os P\u00fablicos, Esther Dweck, em nota.<\/p>\n\n\n\n<p>Segundo ela, entre as vantagens da implementa\u00e7\u00e3o da CIN est\u00e1 a possibilidade de reunir em um \u00fanico documento as informa\u00e7\u00f5es do cidad\u00e3o que garantem acesso a servi\u00e7os.<\/p>\n\n\n\n<p>\u201cA carteira tem um QR Code que dar\u00e1 acesso \u00e0s informa\u00e7\u00f5es sobre o cidad\u00e3o e em breve vai integrar outros documentos, como carteira de motorista, cart\u00e3o do SUS, Cad\u00danico, uma s\u00e9rie de servi\u00e7os que estar\u00e3o associados a essa carteira. Estamos trabalhando nesse processo de migra\u00e7\u00e3o\u201d, acrescentou a ministra.<\/p>\n\n\n\n<p>A emiss\u00e3o do novo documento \u00e9 gratuita, e a lei estabeleceu o per\u00edodo de dez anos para que todos os brasileiros tenham essa carteira.<\/p>\n\n\n\n<h4 class=\"wp-block-heading\">Formato f\u00edsico e digital<\/h4>\n\n\n\n<p>O novo documento est\u00e1 dispon\u00edvel nos formatos f\u00edsico e digital. A vers\u00e3o f\u00edsica \u00e9 produzida em papel-moeda. Al\u00e9m das marcas-d&#8217;\u00e1gua na imagem do territ\u00f3rio nacional e no bras\u00e3o da Rep\u00fablica, foram mantidos detalhes de seguran\u00e7a em sigilo.<\/p>\n\n\n\n<p>Um QR Code permite a valida\u00e7\u00e3o eletr\u00f4nica da autenticidade, bem como saber se o documento \u00e9 verdadeiro, se foi furtado ou extraviado. Ele traz ainda informa\u00e7\u00f5es do cidad\u00e3o, impress\u00e3o digital e a op\u00e7\u00e3o pela doa\u00e7\u00e3o de \u00f3rg\u00e3os.<\/p>\n\n\n\n<p>Essa nova vers\u00e3o serve tamb\u00e9m como documento de viagem para os pa\u00edses do Mercosul, devido \u00e0 inclus\u00e3o de um c\u00f3digo de padr\u00e3o internacional chamado MRZ, o mesmo usado em passaportes.<\/p>\n\n\n\n<p>O prazo de validade do novo documento depende da idade do titular: cinco anos para crian\u00e7as de at\u00e9 11 anos e dez anos para quem tem de 12 a 59 anos. Pessoas com mais de 60 anos n\u00e3o precisar\u00e3o trocar o documento.<\/p>\n\n\n\n<p>Para ter acesso ao novo documento, \u00e9 preciso que o CPF esteja regularizado na Receita Federal. De acordo com o \u00f3rg\u00e3o, haver\u00e1 valida\u00e7\u00f5es biogr\u00e1ficas e biom\u00e9tricas antes da emiss\u00e3o da carteira.<\/p>\n\n\n\n<p>Os documentos de identidade nos modelos antigos s\u00e3o v\u00e1lidos at\u00e9 28 de fevereiro de 2032.<\/p>\n\n\n\n<h4 class=\"wp-block-heading\">O que tem a CIN<\/h4>\n\n\n\n<p>\u2022 Tem um \u00fanico n\u00famero de identifica\u00e7\u00e3o, o CPF.<\/p>\n\n\n\n<p>\u2022 Conta com um QR Code, que permite verificar a autenticidade do documento e saber se foi furtado ou extraviado, por meio de qualquer smartphone.<\/p>\n\n\n\n<p>\u2022 Tem o mesmo c\u00f3digo internacional usado em passaportes, o chamado MRZ. Assim, pode ser utilizado como documento de viagem.<\/p>\n\n\n\n<p>\u2022 Pode ser emitido em papel, policarbonato (pl\u00e1stico) ou digitalmente (pelo aplicativo gov.br).<\/p>\n\n\n\n<p>\u2022 \u00c9 v\u00e1lido em todo o territ\u00f3rio nacional.<\/p>\n\n\n\n<p>\u2022 Est\u00e1 dispon\u00edvel na vers\u00e3o digital, que pode ser apresentada no celular caso o cidad\u00e3o esque\u00e7a o documento em papel ou pl\u00e1stico.<\/p>\n\n\n\n<h4 class=\"wp-block-heading\">Validade da CIN<\/h4>\n\n\n\n<p>O prazo de validade da nova CIN varia conforme a faixa et\u00e1ria:<\/p>\n\n\n\n<p>\u2022 cinco anos, para crian\u00e7as de at\u00e9 12 anos incompletos;<\/p>\n\n\n\n<p>\u2022 dez anos, para pessoas de 12 a 60 anos incompletos; e<\/p>\n\n\n\n<p>\u2022 indeterminado, para quem tem acima de 60 anos.<\/p>\n\n\n\n<p>O objetivo da medida \u00e9 desburocratizar o acesso e unificar o n\u00famero do documento dos cidad\u00e3os nos estados, para evitar fraudes. O novo modelo prev\u00ea a integra\u00e7\u00e3o de v\u00e1rios \u00f3rg\u00e3os, o que viabiliza a realiza\u00e7\u00e3o de consultas em bases de dados com unicidade de informa\u00e7\u00f5es relativas aos cidad\u00e3os.<\/p>\n\n\n\n<p>Cr\u00e9ditos: R7.<\/p>\n\n\n\n<p><em>FONTE: terrabrasilnoticias.com<\/em><\/p>\n","protected":false},"excerpt":{"rendered":"<p>O Distrito Federal, S\u00e3o Paulo e outros 13 estados brasileiros t\u00eam 15 dias, at\u00e9 6 de novembro, para come\u00e7ar a<\/p>\n","protected":false},"author":1,"featured_media":3187,"comment_status":"open","ping_status":"open","sticky":false,"template":"","format":"standard","meta":{"footnotes":""},"categories":[2],"tags":[],"class_list":["post-3186","post","type-post","status-publish","format-standard","has-post-thumbnail","hentry","category-noticias"],"_links":{"self":[{"href":"https:\/\/jornaloalvorada.com.br\/site\/wp-json\/wp\/v2\/posts\/3186","targetHints":{"allow":["GET"]}}],"collection":[{"href":"https:\/\/jornaloalvorada.com.br\/site\/wp-json\/wp\/v2\/posts"}],"about":[{"href":"https:\/\/jornaloalvorada.com.br\/site\/wp-json\/wp\/v2\/types\/post"}],"author":[{"embeddable":true,"href":"https:\/\/jornaloalvorada.com.br\/site\/wp-json\/wp\/v2\/users\/1"}],"replies":[{"embeddable":true,"href":"https:\/\/jornaloalvorada.com.br\/site\/wp-json\/wp\/v2\/comments?post=3186"}],"version-history":[{"count":1,"href":"https:\/\/jornaloalvorada.com.br\/site\/wp-json\/wp\/v2\/posts\/3186\/revisions"}],"predecessor-version":[{"id":3188,"href":"https:\/\/jornaloalvorada.com.br\/site\/wp-json\/wp\/v2\/posts\/3186\/revisions\/3188"}],"wp:featuredmedia":[{"embeddable":true,"href":"https:\/\/jornaloalvorada.com.br\/site\/wp-json\/wp\/v2\/media\/3187"}],"wp:attachment":[{"href":"https:\/\/jornaloalvorada.com.br\/site\/wp-json\/wp\/v2\/media?parent=3186"}],"wp:term":[{"taxonomy":"category","embeddable":true,"href":"https:\/\/jornaloalvorada.com.br\/site\/wp-json\/wp\/v2\/categories?post=3186"},{"taxonomy":"post_tag","embeddable":true,"href":"https:\/\/jornaloalvorada.com.br\/site\/wp-json\/wp\/v2\/tags?post=3186"}],"curies":[{"name":"wp","href":"https:\/\/api.w.org\/{rel}","templated":true}]}}