{"id":3180,"date":"2023-10-23T08:47:43","date_gmt":"2023-10-23T12:47:43","guid":{"rendered":"https:\/\/jornaloalvorada.com.br\/site\/?p=3180"},"modified":"2023-11-10T15:38:49","modified_gmt":"2023-11-10T19:38:49","slug":"prefeito-jose-paleari-prestigia-a-copa-integracao-dos-funcionarios-publico","status":"publish","type":"post","link":"https:\/\/jornaloalvorada.com.br\/site\/2023\/10\/23\/prefeito-jose-paleari-prestigia-a-copa-integracao-dos-funcionarios-publico\/","title":{"rendered":"Prefeito Jos\u00e9 Paleari prestigia a Copa Integra\u00e7\u00e3o dos Funcion\u00e1rios P\u00fablico"},"content":{"rendered":"\n<p> Prefeito de Nova Alvorada do Sul, Jos\u00e9 Paulo Paleari prestigia a Copa Integra\u00e7\u00e3o dos Funcion\u00e1rios P\u00fablico &#8211; 2023, no Clube Benedito Coutinho.<\/p>\n\n\n\n<p>A Copa contou com a participa\u00e7\u00e3o de equipes de diversas secretarias e \u00f3rg\u00e3os municipais, que disputaram as modalidades de futebol su\u00ed\u00e7o, v\u00f4lei de quadra, truco e t\u00eanis de mesa.<\/p>\n\n\n\n<p>As equipes campe\u00e3s receberam trof\u00e9us e medalhas.<\/p>\n","protected":false},"excerpt":{"rendered":"<p>Prefeito de Nova Alvorada do Sul, Jos\u00e9 Paulo Paleari prestigia a Copa Integra\u00e7\u00e3o dos Funcion\u00e1rios P\u00fablico &#8211; 2023, no Clube<\/p>\n","protected":false},"author":1,"featured_media":3181,"comment_status":"open","ping_status":"open","sticky":false,"template":"","format":"standard","meta":{"footnotes":""},"categories":[2],"tags":[],"class_list":["post-3180","post","type-post","status-publish","format-standard","has-post-thumbnail","hentry","category-noticias"],"_links":{"self":[{"href":"https:\/\/jornaloalvorada.com.br\/site\/wp-json\/wp\/v2\/posts\/3180","targetHints":{"allow":["GET"]}}],"collection":[{"href":"https:\/\/jornaloalvorada.com.br\/site\/wp-json\/wp\/v2\/posts"}],"about":[{"href":"https:\/\/jornaloalvorada.com.br\/site\/wp-json\/wp\/v2\/types\/post"}],"author":[{"embeddable":true,"href":"https:\/\/jornaloalvorada.com.br\/site\/wp-json\/wp\/v2\/users\/1"}],"replies":[{"embeddable":true,"href":"https:\/\/jornaloalvorada.com.br\/site\/wp-json\/wp\/v2\/comments?post=3180"}],"version-history":[{"count":1,"href":"https:\/\/jornaloalvorada.com.br\/site\/wp-json\/wp\/v2\/posts\/3180\/revisions"}],"predecessor-version":[{"id":3182,"href":"https:\/\/jornaloalvorada.com.br\/site\/wp-json\/wp\/v2\/posts\/3180\/revisions\/3182"}],"wp:featuredmedia":[{"embeddable":true,"href":"https:\/\/jornaloalvorada.com.br\/site\/wp-json\/wp\/v2\/media\/3181"}],"wp:attachment":[{"href":"https:\/\/jornaloalvorada.com.br\/site\/wp-json\/wp\/v2\/media?parent=3180"}],"wp:term":[{"taxonomy":"category","embeddable":true,"href":"https:\/\/jornaloalvorada.com.br\/site\/wp-json\/wp\/v2\/categories?post=3180"},{"taxonomy":"post_tag","embeddable":true,"href":"https:\/\/jornaloalvorada.com.br\/site\/wp-json\/wp\/v2\/tags?post=3180"}],"curies":[{"name":"wp","href":"https:\/\/api.w.org\/{rel}","templated":true}]}}