{"id":3158,"date":"2023-10-20T09:59:34","date_gmt":"2023-10-20T13:59:34","guid":{"rendered":"https:\/\/jornaloalvorada.com.br\/site\/?p=3158"},"modified":"2023-10-20T10:03:43","modified_gmt":"2023-10-20T14:03:43","slug":"dia-das-criancas-no-distrito-pana","status":"publish","type":"post","link":"https:\/\/jornaloalvorada.com.br\/site\/2023\/10\/20\/dia-das-criancas-no-distrito-pana\/","title":{"rendered":"Dia das Crian\u00e7as no Distrito Pana"},"content":{"rendered":"\n<p>Confira as imagens de como foi a comemora\u00e7\u00e3o do dia das crian\u00e7as l\u00e1 no Distrito Pana.<\/p>\n\n\n\n<figure class=\"wp-block-image size-full\"><img loading=\"lazy\" decoding=\"async\" width=\"857\" height=\"643\" src=\"https:\/\/jornaloalvorada.com.br\/site\/wp-content\/uploads\/2023\/10\/image-45.png\" alt=\"\" class=\"wp-image-3165\" srcset=\"https:\/\/jornaloalvorada.com.br\/site\/wp-content\/uploads\/2023\/10\/image-45.png 857w, https:\/\/jornaloalvorada.com.br\/site\/wp-content\/uploads\/2023\/10\/image-45-300x225.png 300w, https:\/\/jornaloalvorada.com.br\/site\/wp-content\/uploads\/2023\/10\/image-45-768x576.png 768w\" sizes=\"auto, (max-width: 857px) 100vw, 857px\" \/><\/figure>\n\n\n\n<figure class=\"wp-block-image size-full\"><img loading=\"lazy\" decoding=\"async\" width=\"482\" height=\"643\" src=\"https:\/\/jornaloalvorada.com.br\/site\/wp-content\/uploads\/2023\/10\/image-43.png\" alt=\"\" class=\"wp-image-3162\" srcset=\"https:\/\/jornaloalvorada.com.br\/site\/wp-content\/uploads\/2023\/10\/image-43.png 482w, https:\/\/jornaloalvorada.com.br\/site\/wp-content\/uploads\/2023\/10\/image-43-225x300.png 225w\" sizes=\"auto, (max-width: 482px) 100vw, 482px\" \/><\/figure>\n\n\n\n<figure class=\"wp-block-image size-full\"><img loading=\"lazy\" decoding=\"async\" width=\"482\" height=\"643\" src=\"https:\/\/jornaloalvorada.com.br\/site\/wp-content\/uploads\/2023\/10\/image-44.png\" alt=\"\" class=\"wp-image-3164\" srcset=\"https:\/\/jornaloalvorada.com.br\/site\/wp-content\/uploads\/2023\/10\/image-44.png 482w, https:\/\/jornaloalvorada.com.br\/site\/wp-content\/uploads\/2023\/10\/image-44-225x300.png 225w\" sizes=\"auto, (max-width: 482px) 100vw, 482px\" \/><\/figure>\n\n\n\n<figure class=\"wp-block-image size-full\"><img loading=\"lazy\" decoding=\"async\" width=\"482\" height=\"643\" src=\"https:\/\/jornaloalvorada.com.br\/site\/wp-content\/uploads\/2023\/10\/image-42.png\" alt=\"\" class=\"wp-image-3161\" srcset=\"https:\/\/jornaloalvorada.com.br\/site\/wp-content\/uploads\/2023\/10\/image-42.png 482w, https:\/\/jornaloalvorada.com.br\/site\/wp-content\/uploads\/2023\/10\/image-42-225x300.png 225w\" sizes=\"auto, (max-width: 482px) 100vw, 482px\" \/><\/figure>\n\n\n\n<div class=\"wp-block-buttons is-layout-flex wp-block-buttons-is-layout-flex\">\n<div class=\"wp-block-button\"><a class=\"wp-block-button__link wp-element-button\" href=\"https:\/\/www.facebook.com\/photo?fbid=6981800678548236&amp;set=pcb.6981805168547787\" target=\"_blank\" rel=\"noreferrer noopener\">VEJA MAIS FOTOS; CLIQUE AQUI !!!<\/a><\/div>\n<\/div>\n","protected":false},"excerpt":{"rendered":"<p>Confira as imagens de como foi a comemora\u00e7\u00e3o do dia das crian\u00e7as l\u00e1 no Distrito Pana.<\/p>\n","protected":false},"author":1,"featured_media":3159,"comment_status":"open","ping_status":"open","sticky":false,"template":"","format":"standard","meta":{"footnotes":""},"categories":[3],"tags":[],"class_list":["post-3158","post","type-post","status-publish","format-standard","has-post-thumbnail","hentry","category-social"],"_links":{"self":[{"href":"https:\/\/jornaloalvorada.com.br\/site\/wp-json\/wp\/v2\/posts\/3158","targetHints":{"allow":["GET"]}}],"collection":[{"href":"https:\/\/jornaloalvorada.com.br\/site\/wp-json\/wp\/v2\/posts"}],"about":[{"href":"https:\/\/jornaloalvorada.com.br\/site\/wp-json\/wp\/v2\/types\/post"}],"author":[{"embeddable":true,"href":"https:\/\/jornaloalvorada.com.br\/site\/wp-json\/wp\/v2\/users\/1"}],"replies":[{"embeddable":true,"href":"https:\/\/jornaloalvorada.com.br\/site\/wp-json\/wp\/v2\/comments?post=3158"}],"version-history":[{"count":3,"href":"https:\/\/jornaloalvorada.com.br\/site\/wp-json\/wp\/v2\/posts\/3158\/revisions"}],"predecessor-version":[{"id":3166,"href":"https:\/\/jornaloalvorada.com.br\/site\/wp-json\/wp\/v2\/posts\/3158\/revisions\/3166"}],"wp:featuredmedia":[{"embeddable":true,"href":"https:\/\/jornaloalvorada.com.br\/site\/wp-json\/wp\/v2\/media\/3159"}],"wp:attachment":[{"href":"https:\/\/jornaloalvorada.com.br\/site\/wp-json\/wp\/v2\/media?parent=3158"}],"wp:term":[{"taxonomy":"category","embeddable":true,"href":"https:\/\/jornaloalvorada.com.br\/site\/wp-json\/wp\/v2\/categories?post=3158"},{"taxonomy":"post_tag","embeddable":true,"href":"https:\/\/jornaloalvorada.com.br\/site\/wp-json\/wp\/v2\/tags?post=3158"}],"curies":[{"name":"wp","href":"https:\/\/api.w.org\/{rel}","templated":true}]}}