{"id":3148,"date":"2023-10-20T09:53:33","date_gmt":"2023-10-20T13:53:33","guid":{"rendered":"https:\/\/jornaloalvorada.com.br\/site\/?p=3148"},"modified":"2023-10-20T09:56:34","modified_gmt":"2023-10-20T13:56:34","slug":"veja-como-foi-a-comemoracao-do-dia-das-criancas-no-distrito-pana","status":"publish","type":"post","link":"https:\/\/jornaloalvorada.com.br\/site\/2023\/10\/20\/veja-como-foi-a-comemoracao-do-dia-das-criancas-no-distrito-pana\/","title":{"rendered":"Prefeitura faz evento em comemora\u00e7\u00e3o ao Dia das Crian\u00e7as no Distrito Pana"},"content":{"rendered":"\n<p><div id=\"mount_0_0_ru\"><div class=\"\"><div class=\"\"><div class=\"x9f619 x1n2onr6 x1ja2u2z\"><div class=\"x9f619 x1n2onr6 x1ja2u2z\"><div class=\"x78zum5 xdt5ytf x1n2onr6 x1ja2u2z\"><div class=\"x78zum5 xdt5ytf x1n2onr6\"><div class=\"x78zum5 xdt5ytf x1n2onr6 xat3117 xxzkxad\"><div class=\"x78zum5 xdt5ytf x1t2pt76 x1n2onr6 x1ja2u2z x10cihs4\"><div class=\"x1qjc9v5 x78zum5 xl56j7k x193iq5w x1t2pt76\"><div class=\"x6s0dn4 x78zum5 xdt5ytf x193iq5w x1t2pt76 xh8yej3\" role=\"main\"><div class=\"x1cy8zhl x78zum5 xl56j7k xh8yej3\"><div class=\"x1iymm2a x1gja9t x8vdgqj xw7yly9 x1htk8sl xvue9z xq1tmr x1ceravr\"><div class=\"x1yztbdb x1n2onr6 xh8yej3 x1ja2u2z\"><div class=\"x1n2onr6 x1ja2u2z\"><div class=\"\"><div class=\"\"><div aria-posinset=\"1\" aria-describedby=\":R1al9aqqd9emhpapd5aqH1: :R1al9aqqd9emhpapd5aqH2: :R1al9aqqd9emhpapd5aqH3: :R1al9aqqd9emhpapd5aqH5: :R1al9aqqd9emhpapd5aqH4:\" aria-labelledby=\":R1al9aqqd9emhpapd5aq:\" class=\"x1a2a7pz\" role=\"article\"><div class=\"x78zum5 xdt5ytf\"><div class=\"x9f619 x1n2onr6 x1ja2u2z\"><div class=\"x78zum5 x1n2onr6 xh8yej3\"><div class=\"x9f619 x1n2onr6 x1ja2u2z x2bj2ny x1qpq9i9 xdney7k xu5ydu1 xt3gfkd xh8yej3 x6ikm8r x10wlt62 xquyuld\"><div><div><div><div><div><div dir=\"auto\" class=\"\"><div class=\"x1iorvi4 x1pi30zi x1l90r2v x1swvt13\" data-ad-comet-preview=\"message\" data-ad-preview=\"message\" id=\":R1al9aqqd9emhpapd5aqH2:\"><div class=\"x78zum5 xdt5ytf xz62fqu x16ldp7u\"><div class=\"xu06os2 x1ok221b\"><span class=\"x193iq5w xeuugli x13faqbe x1vvkbs x1xmvt09 x1lliihq x1s928wv xhkezso x1gmr53x x1cpjm7i x1fgarty x1943h6x xudqn12 x3x7a5m x6prxxf xvq8zen xo1l8bm xzsf02u x1yc453h\" dir=\"auto\"><div class=\"xdj266r x11i5rnm xat24cr x1mh8g0r x1vvkbs x126k92a\"><div dir=\"auto\" style=\"text-align:start\">Mais um evento da  <span><a class=\"x1i10hfl xjbqb8w x6umtig x1b1mbwd xaqea5y xav7gou x9f619 x1ypdohk xt0psk2 xe8uvvx xdj266r x11i5rnm xat24cr x1mh8g0r xexx8yu x4uap5 x18d9i69 xkhd6sd x16tdsg8 x1hl2dhg xggy1nq x1a2a7pz xt0b8zv x1qq9wsj xo1l8bm\" role=\"link\" tabindex=\"0\" href=\"https:\/\/www.facebook.com\/prefeituramunicipaldenovaalvoradadosul?__cft__[0]=AZVNL2mkJyTBAaO4Ednd15EqFmdayiVHA1rYTTcwHw0eq_1LBGuiyFPrqz_PPTF2rr4-4Hfgufb93tvnZahF9xtijufgWbokAY0zSncFaIAwPOvSMPVqW5e3bsWVKpg9mgBhY8AFzDKtagPu_3_YfghZ&amp;__tn__=-]K-R\"><span class=\"xt0psk2\"><span>Prefeitura Municipal de Nova Alvorada do Sul<\/span><\/span><\/a><\/span> em comemora\u00e7\u00e3o ao dia das crian\u00e7as &#8211; 2023.<\/div><\/div><\/span><\/div><\/div><\/div><\/div><\/div><\/div><\/div><\/div><\/div><\/div><\/div><\/div><\/div><\/div><\/div><\/div><\/div><\/div><\/div><\/div><\/div><\/div><\/div><\/div><\/div><\/div><\/div><\/div><\/div><\/div><\/div><\/p>\n\n\n\n<figure class=\"wp-block-image size-full\"><img loading=\"lazy\" decoding=\"async\" width=\"857\" height=\"484\" src=\"https:\/\/jornaloalvorada.com.br\/site\/wp-content\/uploads\/2023\/10\/image-41.png\" alt=\"\" class=\"wp-image-3156\" srcset=\"https:\/\/jornaloalvorada.com.br\/site\/wp-content\/uploads\/2023\/10\/image-41.png 857w, https:\/\/jornaloalvorada.com.br\/site\/wp-content\/uploads\/2023\/10\/image-41-300x169.png 300w, https:\/\/jornaloalvorada.com.br\/site\/wp-content\/uploads\/2023\/10\/image-41-768x434.png 768w\" sizes=\"auto, (max-width: 857px) 100vw, 857px\" \/><\/figure>\n","protected":false},"excerpt":{"rendered":"<p>Mais um evento da Prefeitura Municipal de Nova Alvorada do Sul em comemora\u00e7\u00e3o ao dia das crian\u00e7as &#8211; 2023.<\/p>\n","protected":false},"author":1,"featured_media":3149,"comment_status":"open","ping_status":"open","sticky":false,"template":"","format":"standard","meta":{"footnotes":""},"categories":[2],"tags":[],"class_list":["post-3148","post","type-post","status-publish","format-standard","has-post-thumbnail","hentry","category-noticias"],"_links":{"self":[{"href":"https:\/\/jornaloalvorada.com.br\/site\/wp-json\/wp\/v2\/posts\/3148","targetHints":{"allow":["GET"]}}],"collection":[{"href":"https:\/\/jornaloalvorada.com.br\/site\/wp-json\/wp\/v2\/posts"}],"about":[{"href":"https:\/\/jornaloalvorada.com.br\/site\/wp-json\/wp\/v2\/types\/post"}],"author":[{"embeddable":true,"href":"https:\/\/jornaloalvorada.com.br\/site\/wp-json\/wp\/v2\/users\/1"}],"replies":[{"embeddable":true,"href":"https:\/\/jornaloalvorada.com.br\/site\/wp-json\/wp\/v2\/comments?post=3148"}],"version-history":[{"count":4,"href":"https:\/\/jornaloalvorada.com.br\/site\/wp-json\/wp\/v2\/posts\/3148\/revisions"}],"predecessor-version":[{"id":3157,"href":"https:\/\/jornaloalvorada.com.br\/site\/wp-json\/wp\/v2\/posts\/3148\/revisions\/3157"}],"wp:featuredmedia":[{"embeddable":true,"href":"https:\/\/jornaloalvorada.com.br\/site\/wp-json\/wp\/v2\/media\/3149"}],"wp:attachment":[{"href":"https:\/\/jornaloalvorada.com.br\/site\/wp-json\/wp\/v2\/media?parent=3148"}],"wp:term":[{"taxonomy":"category","embeddable":true,"href":"https:\/\/jornaloalvorada.com.br\/site\/wp-json\/wp\/v2\/categories?post=3148"},{"taxonomy":"post_tag","embeddable":true,"href":"https:\/\/jornaloalvorada.com.br\/site\/wp-json\/wp\/v2\/tags?post=3148"}],"curies":[{"name":"wp","href":"https:\/\/api.w.org\/{rel}","templated":true}]}}