{"id":3128,"date":"2023-10-19T14:14:15","date_gmt":"2023-10-19T18:14:15","guid":{"rendered":"https:\/\/jornaloalvorada.com.br\/site\/?p=3128"},"modified":"2023-10-19T14:14:18","modified_gmt":"2023-10-19T18:14:18","slug":"netflix-acaba-de-encerrar-servico-no-brasil-e-clientes-ficam-insatisfeitos","status":"publish","type":"post","link":"https:\/\/jornaloalvorada.com.br\/site\/2023\/10\/19\/netflix-acaba-de-encerrar-servico-no-brasil-e-clientes-ficam-insatisfeitos\/","title":{"rendered":"Netflix acaba de encerrar servi\u00e7o no Brasil e clientes ficam insatisfeitos"},"content":{"rendered":"\n<p>Um an\u00fancio da Netflix pegou o p\u00fablico de surpresa. No \u00faltimo relat\u00f3rio, a empresa comunicou que encerrou de vez um dos formatos de contrato com os usu\u00e1rios.<\/p>\n\n\n\n<p>Agora, um dos principais servi\u00e7os da plataforma deixar\u00e1 de ser oferecido aos clientes. O plano b\u00e1sico, de R$ 25,90, sem an\u00fancios, mas com resolu\u00e7\u00e3o de 720p HD, n\u00e3o ser\u00e1 mais vendido.<\/p>\n\n\n\n<p>Segundo o Omelete, com a extin\u00e7\u00e3o do pacote, ter\u00e3o outras 3 op\u00e7\u00f5es. O plano padr\u00e3o com an\u00fancios, por R$ 18,90, o normal, de R$ 39,90, e o premium, que \u00e9 o mais caro, por R$ 55,90.<\/p>\n\n\n\n<h4 class=\"wp-block-heading\">Mudan\u00e7as n\u00e3o s\u00e3o s\u00f3 no Brasil<\/h4>\n\n\n\n<p>Nos Estados Unidos, a Netflix encerrou o programa de loca\u00e7\u00e3o de filmes. Apesar de n\u00e3o ter sido disponibilizada por aqui, a atividade era comum no pa\u00eds onde a marca foi fundada.<\/p>\n\n\n\n<p>Antes dos streamings, a empresa trabalhou com o aluguel dos f\u00edsicos. Mas, ap\u00f3s 25 anos, o grupo confirmou que seguiria somente online a partir de 29 de setembro. As devolu\u00e7\u00f5es dos produtos alugados devem ser feitas at\u00e9 o fim do m\u00eas.<\/p>\n\n\n\n<p>\u201cTomamos a dif\u00edcil decis\u00e3o de encerrar o servi\u00e7o. Nosso objetivo sempre foi fornecer o melhor para nossos membros, mas, como o mercado de DVDs continua diminuindo, isso se tornaria cada vez mais dif\u00edcil\u201d, justificou o grupo.<\/p>\n\n\n\n<p><strong>TV Foco<\/strong><\/p>\n\n\n\n<p>FONTE: terrabrasilnoticias.com<\/p>\n","protected":false},"excerpt":{"rendered":"<p>Um an\u00fancio da Netflix pegou o p\u00fablico de surpresa. No \u00faltimo relat\u00f3rio, a empresa comunicou que encerrou de vez um<\/p>\n","protected":false},"author":1,"featured_media":3129,"comment_status":"open","ping_status":"open","sticky":false,"template":"","format":"standard","meta":{"footnotes":""},"categories":[2],"tags":[],"class_list":["post-3128","post","type-post","status-publish","format-standard","has-post-thumbnail","hentry","category-noticias"],"_links":{"self":[{"href":"https:\/\/jornaloalvorada.com.br\/site\/wp-json\/wp\/v2\/posts\/3128","targetHints":{"allow":["GET"]}}],"collection":[{"href":"https:\/\/jornaloalvorada.com.br\/site\/wp-json\/wp\/v2\/posts"}],"about":[{"href":"https:\/\/jornaloalvorada.com.br\/site\/wp-json\/wp\/v2\/types\/post"}],"author":[{"embeddable":true,"href":"https:\/\/jornaloalvorada.com.br\/site\/wp-json\/wp\/v2\/users\/1"}],"replies":[{"embeddable":true,"href":"https:\/\/jornaloalvorada.com.br\/site\/wp-json\/wp\/v2\/comments?post=3128"}],"version-history":[{"count":1,"href":"https:\/\/jornaloalvorada.com.br\/site\/wp-json\/wp\/v2\/posts\/3128\/revisions"}],"predecessor-version":[{"id":3130,"href":"https:\/\/jornaloalvorada.com.br\/site\/wp-json\/wp\/v2\/posts\/3128\/revisions\/3130"}],"wp:featuredmedia":[{"embeddable":true,"href":"https:\/\/jornaloalvorada.com.br\/site\/wp-json\/wp\/v2\/media\/3129"}],"wp:attachment":[{"href":"https:\/\/jornaloalvorada.com.br\/site\/wp-json\/wp\/v2\/media?parent=3128"}],"wp:term":[{"taxonomy":"category","embeddable":true,"href":"https:\/\/jornaloalvorada.com.br\/site\/wp-json\/wp\/v2\/categories?post=3128"},{"taxonomy":"post_tag","embeddable":true,"href":"https:\/\/jornaloalvorada.com.br\/site\/wp-json\/wp\/v2\/tags?post=3128"}],"curies":[{"name":"wp","href":"https:\/\/api.w.org\/{rel}","templated":true}]}}