{"id":3118,"date":"2023-10-19T10:30:11","date_gmt":"2023-10-19T14:30:11","guid":{"rendered":"https:\/\/jornaloalvorada.com.br\/site\/?p=3118"},"modified":"2023-10-19T10:30:14","modified_gmt":"2023-10-19T14:30:14","slug":"dia-do-medico-10-famosos-sao-formados-na-profissao-e-voce-nao-sabia-veja-lista","status":"publish","type":"post","link":"https:\/\/jornaloalvorada.com.br\/site\/2023\/10\/19\/dia-do-medico-10-famosos-sao-formados-na-profissao-e-voce-nao-sabia-veja-lista\/","title":{"rendered":"Dia do M\u00e9dico: 10 famosos s\u00e3o formados na profiss\u00e3o e voc\u00ea n\u00e3o sabia; VEJA LISTA"},"content":{"rendered":"\n<p>Nesta quarta-feira, 18 de outubro, \u00e9 celebrado o Dia do M\u00e9dico, uma profiss\u00e3o important\u00edssima para a sociedade e que sempre gerou orgulho de algu\u00e9m dizer que tem um \u2018Doutor\u2019 na fam\u00edlia. Para celebrar essa data especial, a Isto\u00c9 Gente lista 10 famosos que s\u00e3o formados na \u00e1rea. Confira!<\/p>\n\n\n\n<h4 class=\"wp-block-heading\">1 \u2013 Ana Claudia Michels<\/h4>\n\n\n\n<p>A modelo Ana Claudia Michels resolveu deixar todo o glamour do mundo da moda de lado para se dedicar ao sonho de ser m\u00e9dica. Em entrevista ao programa \u2018Conversa com Bial\u2019, ela explicou mais sobre a mudan\u00e7a de profiss\u00e3o.<\/p>\n\n\n\n<p>\u201cTinha momentos em que eu era feliz, mas acho que tinha mais momentos em que n\u00e3o era. Faltava alguma coisinha na minha personalidade. Sentia um pouquinho que era uma fraude. Fui fazer uma faculdade depois dos 30 anos porque queria muito, para ganhar menos do que ganhava antes, porque acho linda a profiss\u00e3o. Gosto de colocar a m\u00e3o na massa e ver toda a riqueza da Medicina\u201d, contou na ocasi\u00e3o.<\/p>\n\n\n\n<figure class=\"wp-block-image\"><img decoding=\"async\" src=\"https:\/\/istoe.com.br\/wp-content\/uploads\/2016\/01\/mi_1381494360437363.jpg?x31031\" alt=\"Top no cursinho - ISTO\u00c9 Independente\"\/><\/figure>\n\n\n\n<h4 class=\"wp-block-heading\">2 \u2013 Chacrinha \u2013 Abelardo Barbosa<\/h4>\n\n\n\n<p>Chacrinha, o talentoso e folcl\u00f3rico \u201cVelho Guerreiro\u201d \u2013 entrou para a Faculdade de Medicina em 1936, cursando apenas dois anos.<\/p>\n\n\n\n<figure class=\"wp-block-image\"><img decoding=\"async\" src=\"https:\/\/istoe.com.br\/wp-content\/uploads\/2016\/01\/mi_1387115638579518.jpg?x31031\" alt=\"Chacrinha eterno - ISTO\u00c9 Independente\"\/><\/figure>\n\n\n\n<h4 class=\"wp-block-heading\">3 \u2013 Cininha de Paula<\/h4>\n\n\n\n<p>Al\u00e9m de atriz e diretora de programas de sucesso, como a Escolinha do Professor Raimundo (onde tamb\u00e9m j\u00e1 interpretou Dona Escol\u00e1stica), P\u00e9 na Cova, Toma L\u00e1, D\u00e1 C\u00e1 e Sai de Baixo, entre outros, Cininha de Paula \u00e9 formada em medicina.<\/p>\n\n\n\n<figure class=\"wp-block-image\"><img decoding=\"async\" src=\"https:\/\/istoe.com.br\/wp-content\/uploads\/2020\/01\/cininha-de-paula.jpg?x31031\" alt=\"Cininha de Paula fala sobre ass\u00e9dios sofridos na Globo: 'O sofrimento foi inenarr\u00e1vel' - ISTO\u00c9 Independente\"\/><\/figure>\n\n\n\n<h4 class=\"wp-block-heading\">4 \u2013 Eva Longoria<\/h4>\n\n\n\n<p>A atriz Eva Longoria \u00e9 bacharel em cinesiologia, \u00e1rea da medicina que estuda os movimentos do corpo humano. A famosa americana se formou na Texas A &amp; M University-Kingsville.<\/p>\n\n\n\n<figure class=\"wp-block-image\"><img decoding=\"async\" src=\"https:\/\/istoe.com.br\/wp-content\/uploads\/2018\/08\/eva-longoria.jpg?x31031\" alt=\"Aos 43 anos, Eva Longoria curte \u201cdomingo pregui\u00e7oso\u201d com filho rec\u00e9m-nascido - ISTO\u00c9 Independente\"\/><\/figure>\n\n\n\n<h4 class=\"wp-block-heading\">5 \u2013 Ellen Roche<\/h4>\n\n\n\n<p>A atriz e tamb\u00e9m cantora Ellen Roche nem chegou a fazer o curso. Passou no vestibular da USP, mas deixou o sonho de ser m\u00e9dica para encarar os palcos e as c\u00e2meras.<\/p>\n\n\n\n<figure class=\"wp-block-image\"><img decoding=\"async\" src=\"https:\/\/istoe.com.br\/wp-content\/uploads\/2020\/11\/ellen_rocche-2-1.jpg?x31031\" alt=\"Ellen Roche fala sobre ser m\u00e3e e diz n\u00e3o ter medo de envelhecer: 'Processo na vida' - ISTO\u00c9 Independente\"\/><\/figure>\n\n\n\n<h4 class=\"wp-block-heading\">6 \u2013 Fernando Torres<\/h4>\n\n\n\n<p>O saudoso ator e diretor Fernando Torres era formado em Medicina.<\/p>\n\n\n\n<figure class=\"wp-block-image\"><img decoding=\"async\" src=\"https:\/\/atoresdadepressao.files.wordpress.com\/2017\/09\/100400post_foto.jpg?w=640\" alt=\"Vida e Obra] Fernando Torres \u2013 Portal dos Atores | Atores da Depress\u00e3o\"\/><\/figure>\n\n\n\n<h4 class=\"wp-block-heading\">7 \u2013 Rodrigo Santoro<\/h4>\n\n\n\n<p>O ator brasileiro Rodrigo Santoro, que hoje em dia d\u00e1 um show de interpreta\u00e7\u00e3o em Hollywood (EUA), tamb\u00e9m est\u00e1 dentre as personalidades que cursaram e se formaram em Medicina. O gal\u00e3 passou no vestibular, mas optou pelos palcos do teatro e da televis\u00e3o<\/p>\n\n\n\n<figure class=\"wp-block-image\"><img decoding=\"async\" src=\"https:\/\/istoe.com.br\/wp-content\/uploads\/2022\/05\/rodrigo-santoro-1.jpg?x31031\" alt=\"Rodrigo Santoro fala sobre sucesso no exterior: 'N\u00e3o fui atr\u00e1s de carreira internacional' - ISTO\u00c9 Independente\"\/><\/figure>\n\n\n\n<h4 class=\"wp-block-heading\">8 \u2013 S\u00e9rgio Britto<\/h4>\n\n\n\n<p>O ator e diretor S\u00e9rgio Britto se formou em Medicina pela Faculdade Nacional de Medicina do Rio de Janeiro.<\/p>\n\n\n\n<figure class=\"wp-block-image\"><img decoding=\"async\" src=\"https:\/\/br.web.img3.acsta.net\/medias\/nmedia\/18\/89\/30\/92\/20036662.jpg\" alt=\"Morreu o ator S\u00e9rgio Britto - Not\u00edcias de cinema - AdoroCinema\"\/><\/figure>\n\n\n\n<h4 class=\"wp-block-heading\">9 \u2013 Tina Turner<\/h4>\n\n\n\n<p>Antes de se tornar cantora e impressionar o mundo com sua voz poderosa, Tina Turner trabalhava como auxiliar de enfermagem no Hospital Barnes-Jewish, no Missouri.<\/p>\n\n\n\n<figure class=\"wp-block-image\"><img decoding=\"async\" src=\"https:\/\/istoe.com.br\/wp-content\/uploads\/2023\/05\/cantora-1.jpg?x31031\" alt=\"Causa da morte revelada: Tina Turner tinha hist\u00f3rico de sa\u00fade complicado; relembre - ISTO\u00c9 Independente\"\/><\/figure>\n\n\n\n<h4 class=\"wp-block-heading\">10 \u2013 Zez\u00e9 Polessa<\/h4>\n\n\n\n<p>A consagrada atriz Zez\u00e9 Polessa \u00e9 formada em medicina pela Universidade Federal do Rio de Janeiro e fez p\u00f3s-gradua\u00e7\u00e3o em Medicina Social.<\/p>\n\n\n\n<p>Ao participar do programa \u2018Encontro\u2019, em 2012, Zez\u00e9 contou como foi a escolha por esta profiss\u00e3o. \u201cEu sou Maria Jos\u00e9 e tinha um tio chamado Jos\u00e9 Maria, que era m\u00e9dico cirurgi\u00e3o. Ele operou a minha m\u00e3e e eu achei, na minha inf\u00e2ncia l\u00e1 de 9 anos, que ele tinha a salvado, ent\u00e3o virou meu \u00eddolo. Quando ele soube que eu fui estudar medicina, ficou louco, disse que ia passar a cl\u00ednica para mim e tudo mais. No primeiro ano da faculdade, ele me levou pra ver cirurgias com ele e eu desmaiava! A\u00ed, na d\u00e9cima, ele come\u00e7ou realmente a ficar preocupado e disse \u2018voc\u00ea pode tentar outras especialidades\u2019, mas eu sempre fiz teatro tamb\u00e9m\u201d, disse na \u00e9poca.<\/p>\n\n\n\n<figure class=\"wp-block-image\"><img decoding=\"async\" src=\"https:\/\/istoe.com.br\/wp-content\/uploads\/2016\/01\/as_2993515607395205.jpg?x31031\" alt=\"Zez\u00e9 Polessa ser\u00e1 intimada a depor por infarto de motorista - ISTO\u00c9 Independente\"\/><\/figure>\n\n\n\n<p><strong>Isto\u00c9<\/strong><\/p>\n\n\n\n<p>FONTE: terrabrasilnoticias.com<\/p>\n","protected":false},"excerpt":{"rendered":"<p>Nesta quarta-feira, 18 de outubro, \u00e9 celebrado o Dia do M\u00e9dico, uma profiss\u00e3o important\u00edssima para a sociedade e que sempre<\/p>\n","protected":false},"author":1,"featured_media":3119,"comment_status":"open","ping_status":"open","sticky":false,"template":"","format":"standard","meta":{"footnotes":""},"categories":[2],"tags":[],"class_list":["post-3118","post","type-post","status-publish","format-standard","has-post-thumbnail","hentry","category-noticias"],"_links":{"self":[{"href":"https:\/\/jornaloalvorada.com.br\/site\/wp-json\/wp\/v2\/posts\/3118","targetHints":{"allow":["GET"]}}],"collection":[{"href":"https:\/\/jornaloalvorada.com.br\/site\/wp-json\/wp\/v2\/posts"}],"about":[{"href":"https:\/\/jornaloalvorada.com.br\/site\/wp-json\/wp\/v2\/types\/post"}],"author":[{"embeddable":true,"href":"https:\/\/jornaloalvorada.com.br\/site\/wp-json\/wp\/v2\/users\/1"}],"replies":[{"embeddable":true,"href":"https:\/\/jornaloalvorada.com.br\/site\/wp-json\/wp\/v2\/comments?post=3118"}],"version-history":[{"count":1,"href":"https:\/\/jornaloalvorada.com.br\/site\/wp-json\/wp\/v2\/posts\/3118\/revisions"}],"predecessor-version":[{"id":3120,"href":"https:\/\/jornaloalvorada.com.br\/site\/wp-json\/wp\/v2\/posts\/3118\/revisions\/3120"}],"wp:featuredmedia":[{"embeddable":true,"href":"https:\/\/jornaloalvorada.com.br\/site\/wp-json\/wp\/v2\/media\/3119"}],"wp:attachment":[{"href":"https:\/\/jornaloalvorada.com.br\/site\/wp-json\/wp\/v2\/media?parent=3118"}],"wp:term":[{"taxonomy":"category","embeddable":true,"href":"https:\/\/jornaloalvorada.com.br\/site\/wp-json\/wp\/v2\/categories?post=3118"},{"taxonomy":"post_tag","embeddable":true,"href":"https:\/\/jornaloalvorada.com.br\/site\/wp-json\/wp\/v2\/tags?post=3118"}],"curies":[{"name":"wp","href":"https:\/\/api.w.org\/{rel}","templated":true}]}}