{"id":3115,"date":"2023-10-18T15:08:24","date_gmt":"2023-10-18T19:08:24","guid":{"rendered":"https:\/\/jornaloalvorada.com.br\/site\/?p=3115"},"modified":"2023-10-18T15:08:26","modified_gmt":"2023-10-18T19:08:26","slug":"helicoptero-do-governo-de-ms-atua-no-combate-aos-incendios-florestais-no-amazonas","status":"publish","type":"post","link":"https:\/\/jornaloalvorada.com.br\/site\/2023\/10\/18\/helicoptero-do-governo-de-ms-atua-no-combate-aos-incendios-florestais-no-amazonas\/","title":{"rendered":"Helic\u00f3ptero do Governo de MS atua no combate aos inc\u00eandios florestais no Amazonas"},"content":{"rendered":"\n<p>O Governo de Mato Grosso do Sul est\u00e1 auxiliando o Amazonas no combate aos inc\u00eandios florestais de grandes propor\u00e7\u00f5es que acontecem naquele Estado. Desde o in\u00edcio do m\u00eas passado uma aeronave da Sejusp (Secretaria de Estado de Justi\u00e7a e Seguran\u00e7a P\u00fablica) e cinco militares da CGPA (Coordenadoria Geral de Policiamento A\u00e9reo) atuam diretamente no combate \u00e0s chamas que atingem a floresta amaz\u00f4nica.<\/p>\n\n\n\n<p>A aeronave da seguran\u00e7a p\u00fablica de Mato Grosso do Sul, modelo H-125 e denominada \u2018Esquilo\u2019, \u00e9 fabricada pela Airbus e possui um helibalde, equipamento em formato de cesto e mais popularmente conhecido como \u2018bambi-bucket\u2019, que tem capacidade de transportar 820 litros de \u00e1gua e despejar nos focos de inc\u00eandios.<\/p>\n\n\n\n<p>\u201cAuxilia bastante tanto para fazer o combate ao inc\u00eandio em \u00e1reas de dif\u00edcil acesso como tamb\u00e9m para refrigerar as equipes de terra quando o fogo est\u00e1 muito intenso e h\u00e1 essa necessidade\u201d, explica o coordenador da CGPA, coronel PM Rosalino Gimenez Filho, que est\u00e1 atuando no Amazonas.<\/p>\n\n\n\n<p>Gimenez ressalta que a aeronave desenvolve os trabalhos de combate aos focos principalmente mais pr\u00f3ximo das regi\u00f5es mais habitadas em Manaus.<\/p>\n\n\n\n<p>\u201cO helic\u00f3ptero permite fazer os lan\u00e7amentos de jatos d\u00b4\u00e1gua de forma bem precisa, eliminando os focos de inc\u00eandios pr\u00f3ximos \u00e0s comunidades e resid\u00eancias amea\u00e7adas pelo fogo. Todos os dias a equipe se desloca para esses locais. Tamb\u00e9m conduzimos bombeiros militares e brigadistas para as \u00e1reas, al\u00e9m de transportar mantimentos para as equipes que atuam no combate por solo\u201d, detalha o coronel.<\/p>\n\n\n\n<figure class=\"wp-block-image\"><a href=\"https:\/\/agenciadenoticias.ms.gov.br\/wp-content\/uploads\/2023\/10\/Helicoptero-Sejusp-no-Amazonas-Foto-Sejusp-6-e1697638511837.jpeg\"><img decoding=\"async\" src=\"https:\/\/agenciadenoticias.ms.gov.br\/wp-content\/uploads\/2023\/10\/Helicoptero-Sejusp-no-Amazonas-Foto-Sejusp-6-e1697638511837-1024x568.jpeg\" alt=\"\"\/><\/a><\/figure>\n\n\n\n<figure class=\"wp-block-image\"><a href=\"https:\/\/agenciadenoticias.ms.gov.br\/wp-content\/uploads\/2023\/10\/Helicoptero-Sejusp-no-Amazonas-Foto-Sejusp-5-e1697638564220.jpeg\"><img decoding=\"async\" src=\"https:\/\/agenciadenoticias.ms.gov.br\/wp-content\/uploads\/2023\/10\/Helicoptero-Sejusp-no-Amazonas-Foto-Sejusp-5-e1697638564220-1024x567.jpeg\" alt=\"\"\/><\/a><\/figure>\n\n\n\n<figure class=\"wp-block-image\"><a href=\"https:\/\/agenciadenoticias.ms.gov.br\/wp-content\/uploads\/2023\/10\/Helicoptero-Sejusp-no-Amazonas-Foto-Sejusp-1.jpeg\"><img decoding=\"async\" src=\"https:\/\/agenciadenoticias.ms.gov.br\/wp-content\/uploads\/2023\/10\/Helicoptero-Sejusp-no-Amazonas-Foto-Sejusp-1-1024x461.jpeg\" alt=\"\"\/><\/a><\/figure>\n\n\n\n<figure class=\"wp-block-image\"><a href=\"https:\/\/agenciadenoticias.ms.gov.br\/wp-content\/uploads\/2023\/10\/Helicoptero-Sejusp-no-Amazonas-Foto-Sejusp-4.jpeg\"><img decoding=\"async\" src=\"https:\/\/agenciadenoticias.ms.gov.br\/wp-content\/uploads\/2023\/10\/Helicoptero-Sejusp-no-Amazonas-Foto-Sejusp-4-1024x461.jpeg\" alt=\"\"\/><\/a><\/figure>\n\n\n\n<p>Al\u00e9m dessa aeronave, Mato Grosso do Sul possui mais duas aeronaves de mesmo modelo e porte, com equipamentos que v\u00e3o desde transporte aerom\u00e9dico at\u00e9 o combate \u00e0 inc\u00eandios florestais, possibilitando tamb\u00e9m atua\u00e7\u00f5es em miss\u00f5es de seguran\u00e7a p\u00fablica de maneira geral, em especial nas fronteiras e divisas do Estado.<\/p>\n\n\n\n<p>A determina\u00e7\u00e3o do governador Eduardo Riedel \u00e9 que os trabalhos do helic\u00f3ptero com os militares de Mato Grosso do Sul continuem at\u00e9 que o inc\u00eandio no Amazonas seja controlado.<\/p>\n\n\n\n<p>\u201cConseguimos realizar um bom trabalho pr\u00f3ximo \u00e0 cidade de Manaus. Nessa \u00e1rea os focos foram combatidos e est\u00e3o sob controle. Tamb\u00e9m estamos tendo auxilio das chuvas que est\u00e3o chegando na regi\u00e3o. Mas ainda n\u00e3o h\u00e1 previs\u00e3o exata de retorno. A equipe permanece at\u00e9 segunda ordem ou a situa\u00e7\u00e3o esteja sob controle\u201d, ressalta o coordenador do CGPA.<\/p>\n\n\n<div class=\"wp-block-image\">\n<figure class=\"alignright\"><a href=\"https:\/\/agenciadenoticias.ms.gov.br\/wp-content\/uploads\/2023\/10\/Helicoptero-Sejusp-no-Amazonas-Foto-Sejusp-2.jpeg\"><img decoding=\"async\" src=\"https:\/\/agenciadenoticias.ms.gov.br\/wp-content\/uploads\/2023\/10\/Helicoptero-Sejusp-no-Amazonas-Foto-Sejusp-2-1024x576.jpeg\" alt=\"\" class=\"wp-image-453973\"\/><\/a><\/figure>\n<\/div>\n\n\n<p><strong>Investimento<\/strong><\/p>\n\n\n\n<p>O Governo do Estado investe cada vez mais na \u00e1rea da seguran\u00e7a p\u00fablica. Um exemplo disso s\u00e3o os trabalhos da Sejusp, por meio da Coordenadoria Geral de Policiamento A\u00e9reo, que est\u00e1 especializando os profissionais, investindo em capacita\u00e7\u00e3o para atender as demandas.<\/p>\n\n\n\n<p>Por ter essa refer\u00eancia, o Mato Grosso do Sul est\u00e1 sendo solicitado por outras unidades da Federa\u00e7\u00e3o para prestar aux\u00edlio em situa\u00e7\u00f5es cr\u00edticas, como a que vive o Amazonas.<\/p>\n\n\n\n<p>\u201cN\u00f3s estamos como uma equipe muito capacitada. A Sejusp possui uma linha para forma\u00e7\u00e3o de cada vez mais profissionais para estender as bases de atua\u00e7\u00e3o das aeronaves, como por exemplo, a instala\u00e7\u00e3o de uma base avan\u00e7ada no Departamento de Opera\u00e7\u00f5es de Fronteira (DOF). Enquanto n\u00f3s atuamos aqui no combate a inc\u00eandio no Amazonas, as outras aeronaves seguem fazendo policiamento de fronteira e de resgate de pessoas\u201d, conclui Gimenez.<\/p>\n\n\n\n<figure class=\"wp-block-image\"><a href=\"https:\/\/agenciadenoticias.ms.gov.br\/wp-content\/uploads\/2023\/10\/Helicoptero-Sejusp-no-Amazonas-Foto-Sejusp-3.jpeg\"><img decoding=\"async\" src=\"https:\/\/agenciadenoticias.ms.gov.br\/wp-content\/uploads\/2023\/10\/Helicoptero-Sejusp-no-Amazonas-Foto-Sejusp-3-1024x461.jpeg\" alt=\"\"\/><\/a><\/figure>\n\n\n\n<p><em>Tenente Albuquerque, Comunica\u00e7\u00e3o Sejusp<br>Fotos: CGPA-Sejusp<\/em><\/p>\n","protected":false},"excerpt":{"rendered":"<p>O Governo de Mato Grosso do Sul est\u00e1 auxiliando o Amazonas no combate aos inc\u00eandios florestais de grandes propor\u00e7\u00f5es que<\/p>\n","protected":false},"author":1,"featured_media":3116,"comment_status":"open","ping_status":"open","sticky":false,"template":"","format":"standard","meta":{"footnotes":""},"categories":[2],"tags":[],"class_list":["post-3115","post","type-post","status-publish","format-standard","has-post-thumbnail","hentry","category-noticias"],"_links":{"self":[{"href":"https:\/\/jornaloalvorada.com.br\/site\/wp-json\/wp\/v2\/posts\/3115","targetHints":{"allow":["GET"]}}],"collection":[{"href":"https:\/\/jornaloalvorada.com.br\/site\/wp-json\/wp\/v2\/posts"}],"about":[{"href":"https:\/\/jornaloalvorada.com.br\/site\/wp-json\/wp\/v2\/types\/post"}],"author":[{"embeddable":true,"href":"https:\/\/jornaloalvorada.com.br\/site\/wp-json\/wp\/v2\/users\/1"}],"replies":[{"embeddable":true,"href":"https:\/\/jornaloalvorada.com.br\/site\/wp-json\/wp\/v2\/comments?post=3115"}],"version-history":[{"count":1,"href":"https:\/\/jornaloalvorada.com.br\/site\/wp-json\/wp\/v2\/posts\/3115\/revisions"}],"predecessor-version":[{"id":3117,"href":"https:\/\/jornaloalvorada.com.br\/site\/wp-json\/wp\/v2\/posts\/3115\/revisions\/3117"}],"wp:featuredmedia":[{"embeddable":true,"href":"https:\/\/jornaloalvorada.com.br\/site\/wp-json\/wp\/v2\/media\/3116"}],"wp:attachment":[{"href":"https:\/\/jornaloalvorada.com.br\/site\/wp-json\/wp\/v2\/media?parent=3115"}],"wp:term":[{"taxonomy":"category","embeddable":true,"href":"https:\/\/jornaloalvorada.com.br\/site\/wp-json\/wp\/v2\/categories?post=3115"},{"taxonomy":"post_tag","embeddable":true,"href":"https:\/\/jornaloalvorada.com.br\/site\/wp-json\/wp\/v2\/tags?post=3115"}],"curies":[{"name":"wp","href":"https:\/\/api.w.org\/{rel}","templated":true}]}}